{"id":15762,"date":"2017-04-04T18:01:43","date_gmt":"2017-04-04T17:01:43","guid":{"rendered":"http:\/\/www.mx-bretagne.com\/mxb\/?p=15762"},"modified":"2017-04-04T18:14:46","modified_gmt":"2017-04-04T17:14:46","slug":"le-moing-2k17-episode-1","status":"publish","type":"post","link":"https:\/\/mx-bretagne.com\/mxb\/le-moing-2k17-episode-1","title":{"rendered":"LE MOING 2k17 \u00ab\u00a0Episode 1\u00a0\u00bb"},"content":{"rendered":"<h3 style=\"text-align: justify;\">C\u00e9dric Le Moing sera suivi par <a href=\"https:\/\/www.facebook.com\/PETILLONVISUAL\/\" target=\"_blank\">Petillon Visual<\/a> tout au long de cette saison 2017 de Motocross en Bretagne pour des r\u00e9sum\u00e9s vid\u00e9os. Les images sont belles, on fait tourner !<!--more--><\/h3>\n<p>&nbsp;<\/p>\n<blockquote><p>En effet, voici le premi\u00e8re \u00e9pisode d&rsquo;une longue s\u00e9rie qui va durer toute la saison 2017. Le but de cette s\u00e9rie est de suivre Cedric Le Moing sur toutes les manches de motocross et de r\u00e9aliser par la suite des r\u00e9capitulatifs de chaque week-end pass\u00e9 sur les courses.<\/p><\/blockquote>\n<div class=\"arve\" data-mode=\"normal\" data-provider=\"facebook\" id=\"arve-facebook-httpswwwfacebookcompetillonvisualvideos63315294021517269f1f56b4dac1719476154\" style=\"max-width:900px;\">\n<span class=\"arve-inner\"><br \/>\n<span class=\"arve-embed arve-embed--has-aspect-ratio\"><br \/>\n<span class=\"arve-ar\" style=\"padding-top:56.250000%\"><\/span><iframe loading=\"lazy\" allow=\"accelerometer; autoplay; clipboard-write; encrypted-media; gyroscope; picture-in-picture\" allowfullscreen class=\"arve-iframe fitvidsignore\" data-arve=\"arve-facebook-httpswwwfacebookcompetillonvisualvideos63315294021517269f1f56b4dac1719476154\" data-src-no-ap=\"https:\/\/www.facebook.com\/plugins\/video.php?href=https%3A%2F%2Fwww.facebook.com%2FPETILLONVISUAL%2Fvideos%2F633152940215172%2F&amp;autoplay=0\" frameborder=\"0\" height=\"506.25\" sandbox=\"allow-scripts allow-same-origin allow-presentation allow-popups allow-popups-to-escape-sandbox\" scrolling=\"no\" src=\"https:\/\/www.facebook.com\/plugins\/video.php?href=https%3A%2F%2Fwww.facebook.com%2FPETILLONVISUAL%2Fvideos%2F633152940215172%2F&#038;autoplay=0\" width=\"900\"><\/iframe><\/p>\n<p><\/span><\/p>\n<p><\/span><br \/>\n<script type=\"application\/ld+json\">{\"@context\":\"http:\\\/\\\/schema.org\\\/\",\"@id\":\"https:\\\/\\\/mx-bretagne.com\\\/mxb\\\/le-moing-2k17-episode-1#arve-facebook-httpswwwfacebookcompetillonvisualvideos63315294021517269f1f56b4dac1719476154\",\"type\":\"VideoObject\",\"embedURL\":\"https:\\\/\\\/www.facebook.com\\\/plugins\\\/video.php?href=https%3A%2F%2Fwww.facebook.com%2FPETILLONVISUAL%2Fvideos%2F633152940215172%2F&autoplay=0\"}<\/script>\n<\/div>\n","protected":false},"excerpt":{"rendered":"<p>C\u00e9dric Le Moing sera suivi par Petillon Visual tout au long de cette saison 2017 de Motocross en Bretagne pour des r\u00e9sum\u00e9s vid\u00e9os. Les images sont belles, on fait tourner !<\/p>\n","protected":false},"author":1,"featured_media":15766,"comment_status":"closed","ping_status":"closed","sticky":false,"template":"","format":"standard","meta":[],"categories":[9],"tags":[],"aioseo_notices":[],"_links":{"self":[{"href":"https:\/\/mx-bretagne.com\/mxb\/wp-json\/wp\/v2\/posts\/15762"}],"collection":[{"href":"https:\/\/mx-bretagne.com\/mxb\/wp-json\/wp\/v2\/posts"}],"about":[{"href":"https:\/\/mx-bretagne.com\/mxb\/wp-json\/wp\/v2\/types\/post"}],"author":[{"embeddable":true,"href":"https:\/\/mx-bretagne.com\/mxb\/wp-json\/wp\/v2\/users\/1"}],"replies":[{"embeddable":true,"href":"https:\/\/mx-bretagne.com\/mxb\/wp-json\/wp\/v2\/comments?post=15762"}],"version-history":[{"count":2,"href":"https:\/\/mx-bretagne.com\/mxb\/wp-json\/wp\/v2\/posts\/15762\/revisions"}],"predecessor-version":[{"id":15765,"href":"https:\/\/mx-bretagne.com\/mxb\/wp-json\/wp\/v2\/posts\/15762\/revisions\/15765"}],"wp:featuredmedia":[{"embeddable":true,"href":"https:\/\/mx-bretagne.com\/mxb\/wp-json\/wp\/v2\/media\/15766"}],"wp:attachment":[{"href":"https:\/\/mx-bretagne.com\/mxb\/wp-json\/wp\/v2\/media?parent=15762"}],"wp:term":[{"taxonomy":"category","embeddable":true,"href":"https:\/\/mx-bretagne.com\/mxb\/wp-json\/wp\/v2\/categories?post=15762"},{"taxonomy":"post_tag","embeddable":true,"href":"https:\/\/mx-bretagne.com\/mxb\/wp-json\/wp\/v2\/tags?post=15762"}],"curies":[{"name":"wp","href":"https:\/\/api.w.org\/{rel}","templated":true}]}}