{"id":15586,"date":"2017-03-10T15:21:35","date_gmt":"2017-03-10T14:21:35","guid":{"rendered":"http:\/\/www.mx-bretagne.com\/mxb\/?p=15586"},"modified":"2017-03-10T15:21:35","modified_gmt":"2017-03-10T14:21:35","slug":"moto-du-jour-250-yz-2009-blandin","status":"publish","type":"post","link":"https:\/\/mx-bretagne.com\/mxb\/moto-du-jour-250-yz-2009-blandin","title":{"rendered":"MOTO DU JOUR: 250 YZ 2009 \u00ab\u00a0Blandin\u00a0\u00bb"},"content":{"rendered":"<p><a href=\"http:\/\/www.mx-bretagne.com\/mxb\/wp-content\/uploads\/2017\/03\/vianney1.jpg\"><img decoding=\"async\" loading=\"lazy\" class=\"aligncenter size-full wp-image-15592\" src=\"http:\/\/www.mx-bretagne.com\/mxb\/wp-content\/uploads\/2017\/03\/vianney1.jpg\" alt=\"vianney1\" width=\"1200\" height=\"800\" srcset=\"https:\/\/mx-bretagne.com\/mxb\/wp-content\/uploads\/2017\/03\/vianney1.jpg 1200w, https:\/\/mx-bretagne.com\/mxb\/wp-content\/uploads\/2017\/03\/vianney1-555x370.jpg 555w, https:\/\/mx-bretagne.com\/mxb\/wp-content\/uploads\/2017\/03\/vianney1-768x512.jpg 768w\" sizes=\"(max-width: 1200px) 100vw, 1200px\" \/><\/a><\/p>\n<h3>On continue notre tour\u00a0des belles pr\u00e9parations en vue de la saison 2017. Cette fois, c&rsquo;est au tour de la Yamaha 250 YZ de Vianney Blandin de se d\u00e9voiler sous son plus beau jour. Un mod\u00e8le 2009 bien remani\u00e9 avec quelques pi\u00e8ces qui lui apporte un look unique. MxB approved !<!--more--><\/h3>\n\n\t\t<style type=\"text\/css\">\n\t\t\t#gallery-1 {\n\t\t\t\tmargin: auto;\n\t\t\t}\n\t\t\t#gallery-1 .gallery-item {\n\t\t\t\tfloat: left;\n\t\t\t\tmargin-top: 10px;\n\t\t\t\ttext-align: center;\n\t\t\t\twidth: 33%;\n\t\t\t}\n\t\t\t#gallery-1 img {\n\t\t\t\tborder: 2px solid #cfcfcf;\n\t\t\t}\n\t\t\t#gallery-1 .gallery-caption {\n\t\t\t\tmargin-left: 0;\n\t\t\t}\n\t\t\t\/* see gallery_shortcode() in wp-includes\/media.php *\/\n\t\t<\/style>\n\t\t<div id='gallery-1' class='gallery galleryid-15586 gallery-columns-3 gallery-size-thumbnail'><dl class='gallery-item'>\n\t\t\t<dt class='gallery-icon landscape'>\n\t\t\t\t<a href='https:\/\/mx-bretagne.com\/mxb\/moto-du-jour-250-yz-2009-blandin\/vianney2'><img width=\"300\" height=\"150\" src=\"https:\/\/mx-bretagne.com\/mxb\/wp-content\/uploads\/2017\/03\/vianney2-300x150.jpg\" class=\"attachment-thumbnail size-thumbnail\" alt=\"\" decoding=\"async\" loading=\"lazy\" \/><\/a>\n\t\t\t<\/dt><\/dl><dl class='gallery-item'>\n\t\t\t<dt class='gallery-icon landscape'>\n\t\t\t\t<a href='https:\/\/mx-bretagne.com\/mxb\/moto-du-jour-250-yz-2009-blandin\/vianney3'><img width=\"300\" height=\"150\" src=\"https:\/\/mx-bretagne.com\/mxb\/wp-content\/uploads\/2017\/03\/vianney3-300x150.jpg\" class=\"attachment-thumbnail size-thumbnail\" alt=\"\" decoding=\"async\" loading=\"lazy\" \/><\/a>\n\t\t\t<\/dt><\/dl><dl class='gallery-item'>\n\t\t\t<dt class='gallery-icon landscape'>\n\t\t\t\t<a href='https:\/\/mx-bretagne.com\/mxb\/moto-du-jour-250-yz-2009-blandin\/vianney4'><img width=\"300\" height=\"150\" src=\"https:\/\/mx-bretagne.com\/mxb\/wp-content\/uploads\/2017\/03\/vianney4-300x150.jpg\" class=\"attachment-thumbnail size-thumbnail\" alt=\"\" decoding=\"async\" loading=\"lazy\" \/><\/a>\n\t\t\t<\/dt><\/dl><br style=\"clear: both\" \/><dl class='gallery-item'>\n\t\t\t<dt class='gallery-icon portrait'>\n\t\t\t\t<a href='https:\/\/mx-bretagne.com\/mxb\/moto-du-jour-250-yz-2009-blandin\/vianney5'><img width=\"300\" height=\"150\" src=\"https:\/\/mx-bretagne.com\/mxb\/wp-content\/uploads\/2017\/03\/vianney5-300x150.jpg\" class=\"attachment-thumbnail size-thumbnail\" alt=\"\" decoding=\"async\" loading=\"lazy\" \/><\/a>\n\t\t\t<\/dt><\/dl><dl class='gallery-item'>\n\t\t\t<dt class='gallery-icon portrait'>\n\t\t\t\t<a href='https:\/\/mx-bretagne.com\/mxb\/moto-du-jour-250-yz-2009-blandin\/vianney6'><img width=\"300\" height=\"150\" src=\"https:\/\/mx-bretagne.com\/mxb\/wp-content\/uploads\/2017\/03\/vianney6-300x150.jpg\" class=\"attachment-thumbnail size-thumbnail\" alt=\"\" decoding=\"async\" loading=\"lazy\" \/><\/a>\n\t\t\t<\/dt><\/dl>\n\t\t\t<br style='clear: both' \/>\n\t\t<\/div>\n\n<h3>Liste pi\u00e8ces<\/h3>\n<p>Ligne fresco exhaust<br \/>\nRadiateur irod<br \/>\nDurite de radiateur irod<br \/>\nRoues irod<br \/>\nEmbrayage irod<br \/>\nHousse de selle irod<br \/>\nRepose pied scar<br \/>\nKit d\u00e9co \u00ab\u00a0kit d\u00e9co graphik\u00a0\u00bb<br \/>\nLevier retournable<br \/>\nDisque braking 270mm w-batfly,<br \/>\nDurite de frein avia venhil<br \/>\nCouronne renthal twin ring<br \/>\nPoign\u00e9e odi lock-on<\/p>\n<p>Envoyez-nous \u00e9galement votre moto via <a href=\"https:\/\/www.facebook.com\/mxbretagne\" target=\"_blank\">notre page facebook !<\/a><\/p>\n","protected":false},"excerpt":{"rendered":"<p><\/p>\n","protected":false},"author":1,"featured_media":15592,"comment_status":"closed","ping_status":"closed","sticky":false,"template":"","format":"standard","meta":[],"categories":[1642],"tags":[1777,1523],"aioseo_notices":[],"_links":{"self":[{"href":"https:\/\/mx-bretagne.com\/mxb\/wp-json\/wp\/v2\/posts\/15586"}],"collection":[{"href":"https:\/\/mx-bretagne.com\/mxb\/wp-json\/wp\/v2\/posts"}],"about":[{"href":"https:\/\/mx-bretagne.com\/mxb\/wp-json\/wp\/v2\/types\/post"}],"author":[{"embeddable":true,"href":"https:\/\/mx-bretagne.com\/mxb\/wp-json\/wp\/v2\/users\/1"}],"replies":[{"embeddable":true,"href":"https:\/\/mx-bretagne.com\/mxb\/wp-json\/wp\/v2\/comments?post=15586"}],"version-history":[{"count":1,"href":"https:\/\/mx-bretagne.com\/mxb\/wp-json\/wp\/v2\/posts\/15586\/revisions"}],"predecessor-version":[{"id":15593,"href":"https:\/\/mx-bretagne.com\/mxb\/wp-json\/wp\/v2\/posts\/15586\/revisions\/15593"}],"wp:featuredmedia":[{"embeddable":true,"href":"https:\/\/mx-bretagne.com\/mxb\/wp-json\/wp\/v2\/media\/15592"}],"wp:attachment":[{"href":"https:\/\/mx-bretagne.com\/mxb\/wp-json\/wp\/v2\/media?parent=15586"}],"wp:term":[{"taxonomy":"category","embeddable":true,"href":"https:\/\/mx-bretagne.com\/mxb\/wp-json\/wp\/v2\/categories?post=15586"},{"taxonomy":"post_tag","embeddable":true,"href":"https:\/\/mx-bretagne.com\/mxb\/wp-json\/wp\/v2\/tags?post=15586"}],"curies":[{"name":"wp","href":"https:\/\/api.w.org\/{rel}","templated":true}]}}