{"id":15383,"date":"2016-12-24T14:52:49","date_gmt":"2016-12-24T13:52:49","guid":{"rendered":"http:\/\/www.mx-bretagne.com\/mxb\/?p=15383"},"modified":"2016-12-24T14:52:49","modified_gmt":"2016-12-24T13:52:49","slug":"pierre-goupillon-preparer-au-mieux-2017","status":"publish","type":"post","link":"https:\/\/mx-bretagne.com\/mxb\/pierre-goupillon-preparer-au-mieux-2017","title":{"rendered":"Pierre Goupillon \u00ab\u00a0Pr\u00e9parer au mieux 2017\u00a0\u00bb"},"content":{"rendered":"<h3 style=\"text-align: justify;\"><a href=\"http:\/\/www.mx-bretagne.com\/mxb\/wp-content\/uploads\/2016\/12\/goupillon2017.jpg\"><img decoding=\"async\" loading=\"lazy\" class=\"aligncenter size-full wp-image-15385\" src=\"http:\/\/www.mx-bretagne.com\/mxb\/wp-content\/uploads\/2016\/12\/goupillon2017.jpg\" alt=\"goupillon2017\" width=\"1081\" height=\"498\" srcset=\"https:\/\/mx-bretagne.com\/mxb\/wp-content\/uploads\/2016\/12\/goupillon2017.jpg 1081w, https:\/\/mx-bretagne.com\/mxb\/wp-content\/uploads\/2016\/12\/goupillon2017-650x299.jpg 650w, https:\/\/mx-bretagne.com\/mxb\/wp-content\/uploads\/2016\/12\/goupillon2017-768x354.jpg 768w\" sizes=\"(max-width: 1081px) 100vw, 1081px\" \/><\/a><\/h3>\n<h3 style=\"text-align: justify;\">Int\u00e9gr\u00e9 il y a quelques semaines au team VHR KTM, Pierre Goupillon donne de ses nouvelles concernant son entra\u00eenement actuel et son programme pour 2017.<\/h3>\n<p style=\"text-align: justify;\"><!--more--><\/p>\n<blockquote>\n<p style=\"text-align: justify;\">Bonjour \u00e0 tous,<\/p>\n<p style=\"text-align: justify;\">Cela fait un petit moment que je ne vous ai pas donn\u00e9 de nouvelles. Mon entr\u00e9e dans la structure du Team KTM VHR m\u2019a beaucoup occup\u00e9e. Cela fait plusieurs mois que je m\u2019entra\u00eene avec le Team dans le sable en Belgique et sur la terre pour pr\u00e9parer au mieux et dans les meilleures conditions la saison 2017.<\/p>\n<p style=\"text-align: justify;\">En effet, je serais pr\u00e9sent sur tout le Championnat de France Elite et je m\u2019alignerais derri\u00e8re la grille de d\u00e9part des Europe 250 qui se d\u00e9roule en m\u00eame temps que les Grand Prix. Une nouvelle cat\u00e9gorie pour moi puisque l\u2019ann\u00e9e derni\u00e8re je terminais 3\u00e8me du classement championnat d\u2019Europe 125, avec de tr\u00e8s belles performances durant la saison. Je pense au grand prix de France ou encore au GP d\u2019Angleterre \u2026<\/p>\n<p style=\"text-align: justify;\">Je tiens \u00e0 remercier toutes les personnes et sponsors qui m\u2019accompagnent et qui nous ont fait confiance depuis mes d\u00e9buts. Mon entr\u00e9e dans une nouvelle structure ne me permet pas forc\u00e9ment d\u2019honorer la fid\u00e9lit\u00e9 et le soutien de l\u2019ensemble de mes sponsors.<\/p>\n<p style=\"text-align: justify;\">Je tiens vraiment \u00e0 tous les remercier car sans eux je n\u2019en serai pas l\u00e0 aujourd\u2019hui et je ne les oublie pas. Un grand merci \u00e0 vous tous.<\/p>\n<p style=\"text-align: justify;\">KTM en France , BOsport , <a href=\"https:\/\/rxrprotect.com\" target=\"_blank\">RXR PROTECT<\/a> , <a href=\"http:\/\/www.mecanicsport.com\/\" target=\"_blank\">Mecanicsport <\/a>, @bell , RIDE 100% , TCX Focus on Boots , <a href=\"http:\/\/www.motocup.fr\/pages\/2.html\" target=\"_blank\">Motocup Motoaxxe DINAN<\/a> , <a href=\"http:\/\/www.mx-stickers.com\/\" target=\"_blank\">Mx-Stickers.com<\/a> , mon m\u00e9cano, Adam David , Patrice Adam et toutes les personnes qui me soutienne, ainsi que mes parents, pour tout ce qu&rsquo;ils font pour moi, car sans eux rien ne serait possible.<\/p>\n<p style=\"text-align: justify;\">Il est temps pour moi de vous souhaiter en cette fin d\u2019ann\u00e9e de bonnes et merveilleuses f\u00eates de fin d\u2019ann\u00e9e entour\u00e9s de vos proches et vos amis.<\/p>\n<p style=\"text-align: justify;\">Vous pourrez me suivre tout au long de la saison \u00e0 travers <a href=\"https:\/\/www.facebook.com\/Pierre-goupillon-720-879637432088207\/?fref=ts\" target=\"_blank\">ma page<\/a>, o\u00f9 tous les week-ends seront post\u00e9s : mes r\u00e9sultats et r\u00e9sum\u00e9s de courses en fin de week-end accompagn\u00e9s de photos pour illustrer mon week-end.<\/p>\n<p style=\"text-align: justify;\">Ci-dessous vous trouverez les calendriers des championnats auxquels je vais participer.<\/p>\n<p style=\"text-align: justify;\">Je vous remercie pour votre soutien, vos Likes et int\u00e9r\u00eats que vous me portez sur ma page.<\/p>\n<p style=\"text-align: justify;\">Joyeux No\u00ebl \u00e0 tous,<\/p>\n<p style=\"text-align: justify;\">A Tr\u00e8s vite Pierre<\/p>\n<\/blockquote>\n<p>&nbsp;<\/p>\n<h2 style=\"text-align: justify;\">Calendrier Championnat de France Elite 2017<\/h2>\n<p style=\"text-align: justify;\">18\/19 Mars &#8211; Saint Jean d&rsquo;Angely<br \/>\n1\/2 Avril &#8211; Romagn\u00e9<br \/>\n8\/9 &#8211; Gaillac Toulza<br \/>\n20\/21 &#8211; Saint thib\u00e9ry<br \/>\n4\/5 &#8211; Pernes Les Fontaines<\/p>\n<h2 style=\"text-align: justify;\">Calendrier Championnat d&rsquo;Europe 250<\/h2>\n<p style=\"text-align: justify;\">15\/16 Avril &#8211; Italie &#8211; Pietramurata<br \/>\n22\/23 Avril &#8211; Pays-Bas &#8211; Valkenswaard<br \/>\n6\/7 Mai &#8211; Lettonie &#8211; Kegums<br \/>\n27\/28 Mai &#8211; France &#8211; Ern\u00e9e<br \/>\n10\/11 Juin &#8211; Russie &#8211; Orlyonok<br \/>\n24\/25 Juin &#8211; Italie &#8211; Maggiora<br \/>\n1-2 Juillet &#8211; Portugal &#8211; Agueda<br \/>\n12\/13 Aout &#8211; Suisse &#8211; Frauenfeld<br \/>\n16\/17 Septembre -France- Villars sous Ecot<\/p>\n","protected":false},"excerpt":{"rendered":"<p><\/p>\n","protected":false},"author":1,"featured_media":15385,"comment_status":"closed","ping_status":"closed","sticky":false,"template":"","format":"standard","meta":[],"categories":[52],"tags":[275,2059,2011,2142],"aioseo_notices":[],"_links":{"self":[{"href":"https:\/\/mx-bretagne.com\/mxb\/wp-json\/wp\/v2\/posts\/15383"}],"collection":[{"href":"https:\/\/mx-bretagne.com\/mxb\/wp-json\/wp\/v2\/posts"}],"about":[{"href":"https:\/\/mx-bretagne.com\/mxb\/wp-json\/wp\/v2\/types\/post"}],"author":[{"embeddable":true,"href":"https:\/\/mx-bretagne.com\/mxb\/wp-json\/wp\/v2\/users\/1"}],"replies":[{"embeddable":true,"href":"https:\/\/mx-bretagne.com\/mxb\/wp-json\/wp\/v2\/comments?post=15383"}],"version-history":[{"count":2,"href":"https:\/\/mx-bretagne.com\/mxb\/wp-json\/wp\/v2\/posts\/15383\/revisions"}],"predecessor-version":[{"id":15386,"href":"https:\/\/mx-bretagne.com\/mxb\/wp-json\/wp\/v2\/posts\/15383\/revisions\/15386"}],"wp:featuredmedia":[{"embeddable":true,"href":"https:\/\/mx-bretagne.com\/mxb\/wp-json\/wp\/v2\/media\/15385"}],"wp:attachment":[{"href":"https:\/\/mx-bretagne.com\/mxb\/wp-json\/wp\/v2\/media?parent=15383"}],"wp:term":[{"taxonomy":"category","embeddable":true,"href":"https:\/\/mx-bretagne.com\/mxb\/wp-json\/wp\/v2\/categories?post=15383"},{"taxonomy":"post_tag","embeddable":true,"href":"https:\/\/mx-bretagne.com\/mxb\/wp-json\/wp\/v2\/tags?post=15383"}],"curies":[{"name":"wp","href":"https:\/\/api.w.org\/{rel}","templated":true}]}}