{"id":15124,"date":"2016-11-15T22:26:24","date_gmt":"2016-11-15T21:26:24","guid":{"rendered":"http:\/\/www.mx-bretagne.com\/mxb\/?p=15124"},"modified":"2016-11-15T22:26:24","modified_gmt":"2016-11-15T21:26:24","slug":"sx-allemagne-charles-lefrancois-travailler-plus-fort","status":"publish","type":"post","link":"https:\/\/mx-bretagne.com\/mxb\/sx-allemagne-charles-lefrancois-travailler-plus-fort","title":{"rendered":"SX Allemagne &#8211; Charles Lefran\u00e7ois \u00ab\u00a0Travailler plus fort\u00a0\u00bb"},"content":{"rendered":"<p style=\"text-align: justify;\"><a href=\"http:\/\/www.mx-bretagne.com\/mxb\/wp-content\/uploads\/2016\/11\/15095113_10211215462405982_3166160337784853538_n.jpg\"><img decoding=\"async\" loading=\"lazy\" class=\"aligncenter size-full wp-image-15125\" src=\"http:\/\/www.mx-bretagne.com\/mxb\/wp-content\/uploads\/2016\/11\/15095113_10211215462405982_3166160337784853538_n.jpg\" alt=\"15095113_10211215462405982_3166160337784853538_n\" width=\"960\" height=\"960\" srcset=\"https:\/\/mx-bretagne.com\/mxb\/wp-content\/uploads\/2016\/11\/15095113_10211215462405982_3166160337784853538_n.jpg 960w, https:\/\/mx-bretagne.com\/mxb\/wp-content\/uploads\/2016\/11\/15095113_10211215462405982_3166160337784853538_n-370x370.jpg 370w, https:\/\/mx-bretagne.com\/mxb\/wp-content\/uploads\/2016\/11\/15095113_10211215462405982_3166160337784853538_n-768x768.jpg 768w, https:\/\/mx-bretagne.com\/mxb\/wp-content\/uploads\/2016\/11\/15095113_10211215462405982_3166160337784853538_n-640x640.jpg 640w, https:\/\/mx-bretagne.com\/mxb\/wp-content\/uploads\/2016\/11\/15095113_10211215462405982_3166160337784853538_n-50x50.jpg 50w, https:\/\/mx-bretagne.com\/mxb\/wp-content\/uploads\/2016\/11\/15095113_10211215462405982_3166160337784853538_n-45x45.jpg 45w\" sizes=\"(max-width: 960px) 100vw, 960px\" \/><\/a><\/p>\n<h3 style=\"text-align: justify;\">Charles Lefran\u00e7ois communique apr\u00e8s la premi\u00e8re \u00e9preuve du Championnat d&rsquo;Allemagne de Supercross \u00e0\u00a0Stuttgart.<!--more--><\/h3>\n<blockquote>\n<p style=\"text-align: justify;\">\n<p style=\"text-align: justify;\">Bonjour \u00e0 tous,<\/p>\n<p style=\"text-align: justify;\">Ce vendredi et samedi 11 et 12 novembre, je me suis rendu en Allemagne pour l&rsquo;ouverture du championnat allemand de Supercross, toujours pour les couleurs\u00a0de Suzuki Twenty pour qui\u00a0je roule depuis 2012. Comme chaque ann\u00e9e, je suis content de retrouver cette structure et ce championnat.<\/p>\n<p style=\"text-align: justify;\">\nLa premi\u00e8re journ\u00e9e s&rsquo;est plut\u00f4t bien d\u00e9roul\u00e9e avec le 4\u00e8me temps de mon groupe, il me manquait une demi seconde pour pour figurer en haut du classement. En s\u00e9rie je fini en 4\u00e8me position puis r\u00e9alise une meilleure demi-finale avec une 3\u00e8me place. J&rsquo;avais \u00e0 c\u0153ur de faire une bonne finale et c&rsquo;\u00e9tait bien parti puisque je me suis bien faufil\u00e9 durant\u00a0le premier mais apr\u00e8s jusqu&rsquo;\u00e0 mi manche je n&rsquo;ai\u00a0su trouver un bon rythme. Malgr\u00e9 une bonne reprise dans les derniers tours,\u00a0\u00a0je termine\u00a0en 8\u00e8me.\u00a0Quelque peu d\u00e9\u00e7u car le top 5 \u00e9tait envisageable.<\/p>\n<p style=\"text-align: justify;\">\nLe lendemain je vais r\u00e9aliser le 3\u00e8me temps chrono avec une meilleure vitesse. En s\u00e9rie je me classe 3\u00e8me\u00a0puis\u00a0en demi-finale je suis rest\u00e9 4\u00e8me une bonne partie de la manche mais je me suis fait block passer par deux am\u00e9ricains \u00a0et\u00a0termine 6\u00e8me dans la roue du 5\u00e8me. Malheureusement pour moi, je dois passer par la case rep\u00eachage.\u00a0Je signe le holeshot et m\u00e8ne ce rep\u00eachage assez facilement pendant les premiers tours. Je pensais avoir une avance confortable mais encore une fois un am\u00e9ricain trouve l&rsquo;ouverture et je me suis\u00a0fais rattraper par un second\u00a0qui me blockpass assez violemment. A l&rsquo;entame du dernier j&rsquo;ai voulu porter une attaque mais j&rsquo;ai accroch\u00e9 un ballot de paille. J&rsquo;avais donc perdu\u00a0tout espoir de qualification. Je retiens de ce week-end qu&rsquo;il va falloir \u00eatre plus agressif\u00a0sur les prochaines \u00e9preuves et ne rien l\u00e2cher. Il y a un niveau tr\u00e8s homog\u00e8ne cette ann\u00e9e la preuve avec ma non qualification le second jour. En Allemagne, comme chaque saison, tout est jouable mais \u00e7a peut vite aussi basculer. Pour ce d\u00e9but de championnat, beaucoup de\u00a0pilotes am\u00e9ricains \u00e9taient pr\u00e9sents et confirment leur pilotage agressif, sans rel\u00e2che\u2026 il ne reste plus qu&rsquo;\u00e0 faire pareil !<\/p>\n<p style=\"text-align: justify;\">Prochaine \u00e9preuve \u00e0 Munich le week-end prochain. On va continuer \u00e0 travailler plus fort cette semaine pour mieux faire.<\/p>\n<p style=\"text-align: justify;\">Bonne semaine \u00e0 vous.<\/p>\n<p style=\"text-align: justify;\">Charles Lefran\u00e7ois.<\/p>\n<\/blockquote>\n","protected":false},"excerpt":{"rendered":"<p><\/p>\n","protected":false},"author":1,"featured_media":15125,"comment_status":"closed","ping_status":"closed","sticky":false,"template":"","format":"standard","meta":[],"categories":[52,1904],"tags":[76,1896],"aioseo_notices":[],"_links":{"self":[{"href":"https:\/\/mx-bretagne.com\/mxb\/wp-json\/wp\/v2\/posts\/15124"}],"collection":[{"href":"https:\/\/mx-bretagne.com\/mxb\/wp-json\/wp\/v2\/posts"}],"about":[{"href":"https:\/\/mx-bretagne.com\/mxb\/wp-json\/wp\/v2\/types\/post"}],"author":[{"embeddable":true,"href":"https:\/\/mx-bretagne.com\/mxb\/wp-json\/wp\/v2\/users\/1"}],"replies":[{"embeddable":true,"href":"https:\/\/mx-bretagne.com\/mxb\/wp-json\/wp\/v2\/comments?post=15124"}],"version-history":[{"count":1,"href":"https:\/\/mx-bretagne.com\/mxb\/wp-json\/wp\/v2\/posts\/15124\/revisions"}],"predecessor-version":[{"id":15126,"href":"https:\/\/mx-bretagne.com\/mxb\/wp-json\/wp\/v2\/posts\/15124\/revisions\/15126"}],"wp:featuredmedia":[{"embeddable":true,"href":"https:\/\/mx-bretagne.com\/mxb\/wp-json\/wp\/v2\/media\/15125"}],"wp:attachment":[{"href":"https:\/\/mx-bretagne.com\/mxb\/wp-json\/wp\/v2\/media?parent=15124"}],"wp:term":[{"taxonomy":"category","embeddable":true,"href":"https:\/\/mx-bretagne.com\/mxb\/wp-json\/wp\/v2\/categories?post=15124"},{"taxonomy":"post_tag","embeddable":true,"href":"https:\/\/mx-bretagne.com\/mxb\/wp-json\/wp\/v2\/tags?post=15124"}],"curies":[{"name":"wp","href":"https:\/\/api.w.org\/{rel}","templated":true}]}}