{"id":14746,"date":"2016-09-18T15:49:43","date_gmt":"2016-09-18T14:49:43","guid":{"rendered":"http:\/\/www.mx-bretagne.com\/mxb\/?p=14746"},"modified":"2016-09-18T16:12:27","modified_gmt":"2016-09-18T15:12:27","slug":"report-ffm-osse-16","status":"publish","type":"post","link":"https:\/\/mx-bretagne.com\/mxb\/report-ffm-osse-16","title":{"rendered":"REPORT FFM: Oss\u00e9 &rsquo;16"},"content":{"rendered":"<div id=\"attachment_12925\" style=\"width: 974px\" class=\"wp-caption aligncenter\"><a href=\"http:\/\/www.mx-bretagne.com\/mxb\/wp-content\/uploads\/2016\/02\/cat_2016.jpg\"><img aria-describedby=\"caption-attachment-12925\" decoding=\"async\" loading=\"lazy\" class=\"size-full wp-image-12925\" src=\"http:\/\/www.mx-bretagne.com\/mxb\/wp-content\/uploads\/2016\/02\/cat_2016.jpg\" alt=\"+ d'infos : http:\/\/www.mx-bretagne.com\/mxb\/cat-racing\" width=\"964\" height=\"159\" srcset=\"https:\/\/mx-bretagne.com\/mxb\/wp-content\/uploads\/2016\/02\/cat_2016.jpg 964w, https:\/\/mx-bretagne.com\/mxb\/wp-content\/uploads\/2016\/02\/cat_2016-650x107.jpg 650w\" sizes=\"(max-width: 964px) 100vw, 964px\" \/><\/a><p id=\"caption-attachment-12925\" class=\"wp-caption-text\">+ d&rsquo;infos : <a href=\"http:\/\/www.mx-bretagne.com\/mxb\/cat-racing\">http:\/\/www.mx-bretagne.com\/mxb\/cat-racing<\/a><\/p><\/div>\n\n\t\t<style type=\"text\/css\">\n\t\t\t#gallery-1 {\n\t\t\t\tmargin: auto;\n\t\t\t}\n\t\t\t#gallery-1 .gallery-item {\n\t\t\t\tfloat: left;\n\t\t\t\tmargin-top: 10px;\n\t\t\t\ttext-align: center;\n\t\t\t\twidth: 33%;\n\t\t\t}\n\t\t\t#gallery-1 img {\n\t\t\t\tborder: 2px solid #cfcfcf;\n\t\t\t}\n\t\t\t#gallery-1 .gallery-caption {\n\t\t\t\tmargin-left: 0;\n\t\t\t}\n\t\t\t\/* see gallery_shortcode() in wp-includes\/media.php *\/\n\t\t<\/style>\n\t\t<div id='gallery-1' class='gallery galleryid-14746 gallery-columns-3 gallery-size-thumbnail'><dl class='gallery-item'>\n\t\t\t<dt class='gallery-icon landscape'>\n\t\t\t\t<a href='https:\/\/mx-bretagne.com\/mxb\/report-ffm-osse-16\/trelluyer_champion'><img width=\"300\" height=\"150\" src=\"https:\/\/mx-bretagne.com\/mxb\/wp-content\/uploads\/2016\/09\/trelluyer_champion-300x150.jpg\" class=\"attachment-thumbnail size-thumbnail\" alt=\"\" decoding=\"async\" loading=\"lazy\" aria-describedby=\"gallery-1-14776\" \/><\/a>\n\t\t\t<\/dt>\n\t\t\t\t<dd class='wp-caption-text gallery-caption' id='gallery-1-14776'>\n\t\t\t\t\u00a9Jeremy JAGU\n\t\t\t\t<\/dd><\/dl><dl class='gallery-item'>\n\t\t\t<dt class='gallery-icon landscape'>\n\t\t\t\t<a href='https:\/\/mx-bretagne.com\/mxb\/report-ffm-osse-16\/papechampion'><img width=\"300\" height=\"150\" src=\"https:\/\/mx-bretagne.com\/mxb\/wp-content\/uploads\/2016\/09\/papechampion-300x150.jpg\" class=\"attachment-thumbnail size-thumbnail\" alt=\"\" decoding=\"async\" loading=\"lazy\" aria-describedby=\"gallery-1-14775\" \/><\/a>\n\t\t\t<\/dt>\n\t\t\t\t<dd class='wp-caption-text gallery-caption' id='gallery-1-14775'>\n\t\t\t\t\u00a9Jeremy JAGU\n\t\t\t\t<\/dd><\/dl><dl class='gallery-item'>\n\t\t\t<dt class='gallery-icon landscape'>\n\t\t\t\t<a href='https:\/\/mx-bretagne.com\/mxb\/report-ffm-osse-16\/adam_champion-2'><img width=\"300\" height=\"150\" src=\"https:\/\/mx-bretagne.com\/mxb\/wp-content\/uploads\/2016\/09\/adam_champion-300x150.jpg\" class=\"attachment-thumbnail size-thumbnail\" alt=\"\" decoding=\"async\" loading=\"lazy\" aria-describedby=\"gallery-1-14774\" \/><\/a>\n\t\t\t<\/dt>\n\t\t\t\t<dd class='wp-caption-text gallery-caption' id='gallery-1-14774'>\n\t\t\t\t\u00a9Jeremy JAGU\n\t\t\t\t<\/dd><\/dl><br style=\"clear: both\" \/><dl class='gallery-item'>\n\t\t\t<dt class='gallery-icon landscape'>\n\t\t\t\t<a href='https:\/\/mx-bretagne.com\/mxb\/report-ffm-osse-16\/lecozchampion'><img width=\"300\" height=\"150\" src=\"https:\/\/mx-bretagne.com\/mxb\/wp-content\/uploads\/2016\/09\/lecozchampion-300x150.jpg\" class=\"attachment-thumbnail size-thumbnail\" alt=\"\" decoding=\"async\" loading=\"lazy\" aria-describedby=\"gallery-1-14773\" \/><\/a>\n\t\t\t<\/dt>\n\t\t\t\t<dd class='wp-caption-text gallery-caption' id='gallery-1-14773'>\n\t\t\t\t\u00a9Jeremy JAGU\n\t\t\t\t<\/dd><\/dl>\n\t\t\t<br style='clear: both' \/>\n\t\t<\/div>\n\n<h3 style=\"text-align: justify;\">Le clap de fin du championnat de Bretagne FFM 2016 c\u2019\u00e9tait hier soir samedi 17 septembre \u00e0 Oss\u00e9. Les pilotes bretons ont donn\u00e9 leur maximum pour finir la saison en beaut\u00e9. Les leaders ont tenu leurs rangs et nous ont offerts un beau spectacle sous les feux des projecteurs et de la lune. Merci \u00e0 Hubert le speaker pour le message pour Mx Bretagne cela fait vraiment plaisir\u2026<\/h3>\n<p><!--more--><\/p>\n<h2 style=\"text-align: justify;\">85: LE TRIPLE DE PINSON<\/h2>\n\n\t\t<style type=\"text\/css\">\n\t\t\t#gallery-2 {\n\t\t\t\tmargin: auto;\n\t\t\t}\n\t\t\t#gallery-2 .gallery-item {\n\t\t\t\tfloat: left;\n\t\t\t\tmargin-top: 10px;\n\t\t\t\ttext-align: center;\n\t\t\t\twidth: 33%;\n\t\t\t}\n\t\t\t#gallery-2 img {\n\t\t\t\tborder: 2px solid #cfcfcf;\n\t\t\t}\n\t\t\t#gallery-2 .gallery-caption {\n\t\t\t\tmargin-left: 0;\n\t\t\t}\n\t\t\t\/* see gallery_shortcode() in wp-includes\/media.php *\/\n\t\t<\/style>\n\t\t<div id='gallery-2' class='gallery galleryid-14746 gallery-columns-3 gallery-size-thumbnail'><dl class='gallery-item'>\n\t\t\t<dt class='gallery-icon landscape'>\n\t\t\t\t<a href='https:\/\/mx-bretagne.com\/mxb\/report-ffm-osse-16\/pinson_osse'><img width=\"300\" height=\"150\" src=\"https:\/\/mx-bretagne.com\/mxb\/wp-content\/uploads\/2016\/09\/pinson_osse-300x150.jpg\" class=\"attachment-thumbnail size-thumbnail\" alt=\"\" decoding=\"async\" loading=\"lazy\" aria-describedby=\"gallery-2-14767\" \/><\/a>\n\t\t\t<\/dt>\n\t\t\t\t<dd class='wp-caption-text gallery-caption' id='gallery-2-14767'>\n\t\t\t\tAlizio Pinson. \u00a9Jeremy JAGU\n\t\t\t\t<\/dd><\/dl><dl class='gallery-item'>\n\t\t\t<dt class='gallery-icon landscape'>\n\t\t\t\t<a href='https:\/\/mx-bretagne.com\/mxb\/report-ffm-osse-16\/lecoz_osse'><img width=\"300\" height=\"150\" src=\"https:\/\/mx-bretagne.com\/mxb\/wp-content\/uploads\/2016\/09\/lecoz_osse-300x150.jpg\" class=\"attachment-thumbnail size-thumbnail\" alt=\"\" decoding=\"async\" loading=\"lazy\" aria-describedby=\"gallery-2-14768\" \/><\/a>\n\t\t\t<\/dt>\n\t\t\t\t<dd class='wp-caption-text gallery-caption' id='gallery-2-14768'>\n\t\t\t\tCorentin Le Coz, Champion de Bretagne 85cc 2016. \u00a9Jeremy JAGU\n\t\t\t\t<\/dd><\/dl>\n\t\t\t<br style='clear: both' \/>\n\t\t<\/div>\n\n<p style=\"text-align: justify;\">1\u00e8re manche:\u00a01.Alizio PINSON ; 2.Corentin LE COZ ; 3.Morgan OLICHET ; 4.Th\u00e9o VAITY ; 5.Gwendal ROBERT ; 6.L\u00e9andre CHAUVIRE ; 7.Alan HARNOIS ; 8.Killian THETIOT ; 9.Enzo MALOUM ; 10.Damien CARCREFF ; &#8230;<\/p>\n<p style=\"text-align: justify;\">Dans cette seconde manche Alizio Pinson a rapidement pris les commandes pendant que Corentin Le Coz son plus s\u00e9rieux adversaire au scratch se lan\u00e7ait dans une belle remont\u00e9e apr\u00e8s un d\u00e9part moyen. Il reviendra dans le top 5. Morgan Olichet termine second apr\u00e8s une course solide. Gwendal Robert toujours pr\u00e9sent compl\u00e8te le podium.<\/p>\n<p style=\"text-align: justify;\">2\u00e8me manche\u00a0: 1. Alizio Pinson 2. Morgan Olichet 3. Gwendal Robert 4.Th\u00e9o VAITY ; 5.Corentin LE COZ ; 6.L\u00e9andre CHAUVIRE ; 7.Mewen TEMPLIER ; 8.Alan HARNOIS ; 9.Alan TATON ; 10.Damien CARCREFF ; &#8230;<br \/>\nCorentin Le Coz\u00a0: 2, 10\u00a0835 (chrono indicatif, non officiel)<\/p>\n<p style=\"text-align: justify;\">Lors de la derni\u00e8re manche de la saison Minimes\/Cadets la hi\u00e9rarchie a \u00e9t\u00e9 respect\u00e9e. Corentin Le Coz titr\u00e9 en Cadets a tout tent\u00e9 pour terminer sur une victoire mais c\u2019est finaement Alizio Pinson qui fait le tripl\u00e9. \u00c0 noter la belle quatri\u00e8me place de Th\u00e9o Vaity.<\/p>\n<p style=\"text-align: justify;\">3\u00e8me manche\u00a0: 1. Alizio Pinson 2. Corentin Le Coz 3. Morgan Olichet<br \/>\nCorentin Le Coz\u00a0: 2, 04\u00a0774 (chrono indicatif, non officiel)<br \/>\nAlizio Pinson\u00a0: 2, 08 834 (chrono indicatif, non officiel)<\/p>\n<h2 style=\"text-align: justify;\">MX2: ROMAIN PAPE CHAMPION DE BRETAGNE<\/h2>\n\n\t\t<style type=\"text\/css\">\n\t\t\t#gallery-3 {\n\t\t\t\tmargin: auto;\n\t\t\t}\n\t\t\t#gallery-3 .gallery-item {\n\t\t\t\tfloat: left;\n\t\t\t\tmargin-top: 10px;\n\t\t\t\ttext-align: center;\n\t\t\t\twidth: 33%;\n\t\t\t}\n\t\t\t#gallery-3 img {\n\t\t\t\tborder: 2px solid #cfcfcf;\n\t\t\t}\n\t\t\t#gallery-3 .gallery-caption {\n\t\t\t\tmargin-left: 0;\n\t\t\t}\n\t\t\t\/* see gallery_shortcode() in wp-includes\/media.php *\/\n\t\t<\/style>\n\t\t<div id='gallery-3' class='gallery galleryid-14746 gallery-columns-3 gallery-size-thumbnail'><dl class='gallery-item'>\n\t\t\t<dt class='gallery-icon landscape'>\n\t\t\t\t<a href='https:\/\/mx-bretagne.com\/mxb\/report-ffm-osse-16\/cohas_osse'><img width=\"300\" height=\"150\" src=\"https:\/\/mx-bretagne.com\/mxb\/wp-content\/uploads\/2016\/09\/cohas_osse-300x150.jpg\" class=\"attachment-thumbnail size-thumbnail\" alt=\"\" decoding=\"async\" loading=\"lazy\" aria-describedby=\"gallery-3-14757\" \/><\/a>\n\t\t\t<\/dt>\n\t\t\t\t<dd class='wp-caption-text gallery-caption' id='gallery-3-14757'>\n\t\t\t\tPierre Cohas, vice Champion de Bretagne MX2 2016. \u00a9Jeremy JAGU\n\t\t\t\t<\/dd><\/dl><dl class='gallery-item'>\n\t\t\t<dt class='gallery-icon landscape'>\n\t\t\t\t<a href='https:\/\/mx-bretagne.com\/mxb\/report-ffm-osse-16\/boisrame_osse'><img width=\"300\" height=\"150\" src=\"https:\/\/mx-bretagne.com\/mxb\/wp-content\/uploads\/2016\/09\/boisrame_osse-300x150.jpg\" class=\"attachment-thumbnail size-thumbnail\" alt=\"\" decoding=\"async\" loading=\"lazy\" aria-describedby=\"gallery-3-14756\" \/><\/a>\n\t\t\t<\/dt>\n\t\t\t\t<dd class='wp-caption-text gallery-caption' id='gallery-3-14756'>\n\t\t\t\tMathys Boisram\u00e9, le Champion de France \u00c9lite MX2 2016 \u00e9tait de la partie. \u00a9Jeremy JAGU\n\t\t\t\t<\/dd><\/dl><dl class='gallery-item'>\n\t\t\t<dt class='gallery-icon landscape'>\n\t\t\t\t<a href='https:\/\/mx-bretagne.com\/mxb\/report-ffm-osse-16\/pape_osse'><img width=\"300\" height=\"150\" src=\"https:\/\/mx-bretagne.com\/mxb\/wp-content\/uploads\/2016\/09\/pape_osse-300x150.jpg\" class=\"attachment-thumbnail size-thumbnail\" alt=\"\" decoding=\"async\" loading=\"lazy\" aria-describedby=\"gallery-3-14755\" \/><\/a>\n\t\t\t<\/dt>\n\t\t\t\t<dd class='wp-caption-text gallery-caption' id='gallery-3-14755'>\n\t\t\t\tRomain Pape remporte le titre de CHampion de Bretagne MX2 2016. \u00a9Jeremy JAGU\n\t\t\t\t<\/dd><\/dl><br style=\"clear: both\" \/>\n\t\t<\/div>\n\n<p style=\"text-align: justify;\">Mathys Boisram\u00e9 signe une belle victoire sans probl\u00e8me. Derri\u00e8re lui on retrouve l\u2019autre Yamaha de Romain Pape. Fran\u00e7ois Dor\u00e9 a montr\u00e9 une belle vitesse en \u00e9tant tr\u00e8s \u00e0 l\u2019aise sur les sauts. Il termine troisi\u00e8me devant R\u00e9my Mordret. Moins bien parti Pierre Cohas score les points de 6\u00e8me place.<\/p>\n<p style=\"text-align: justify;\">1\u00e8re manche\u00a0: 1. Mathys Boisram\u00e9 2. Romain Pape 3. Fran\u00e7ois Dor\u00e9<br \/>\nMathys Boisram\u00e9\u00a0: 1, 47 830 (chrono indicatif, non officiel)<\/p>\n<p style=\"text-align: justify;\">Apr\u00e8s un d\u00e9part quatorzi\u00e8me Mathys Boisram\u00e9 \u00e9tait revenu 8\u00e8me dans le premier tour avant de faire une petite erreur. Gr\u00e2ce \u00e0 une belle remont\u00e9e Mathys a pris les commandes dans le dernier tour en d\u00e9bordant Romain Pape qui a assur\u00e9 la seconde Place synonyme de titre pour lui. Pierre Cohas monte sur le podium et assure le tripl\u00e9 Yamaha.<\/p>\n<p style=\"text-align: justify;\">2\u00e8me manche\u00a0:1. Mathys Boisram\u00e9 ; 2. Romain Pape ; 3. Fran\u00e7ois Dor\u00e9 ; 4.Pierre COHAS ; 5.Remy MORDRET ; 6.Alexis MAHE ; 7.Adrien LAMOUR ; 8.Dorian WERLE ; 9.Mathis ANNE ; 10.Maxime GELEBART ; &#8230;<\/p>\n<p style=\"text-align: justify;\">Pierre Cohas\u00a0: 1, 53\u00a0279 (chrono indicatif, non officiel)<br \/>\nRomain Pape\u00a0: 1, 53 094 (chrono indicatif, non officiel)<\/p>\n<h2 style=\"text-align: justify;\">125: LA DERNIERE POUR TRELLUYER<\/h2>\n\n\t\t<style type=\"text\/css\">\n\t\t\t#gallery-4 {\n\t\t\t\tmargin: auto;\n\t\t\t}\n\t\t\t#gallery-4 .gallery-item {\n\t\t\t\tfloat: left;\n\t\t\t\tmargin-top: 10px;\n\t\t\t\ttext-align: center;\n\t\t\t\twidth: 33%;\n\t\t\t}\n\t\t\t#gallery-4 img {\n\t\t\t\tborder: 2px solid #cfcfcf;\n\t\t\t}\n\t\t\t#gallery-4 .gallery-caption {\n\t\t\t\tmargin-left: 0;\n\t\t\t}\n\t\t\t\/* see gallery_shortcode() in wp-includes\/media.php *\/\n\t\t<\/style>\n\t\t<div id='gallery-4' class='gallery galleryid-14746 gallery-columns-3 gallery-size-thumbnail'><dl class='gallery-item'>\n\t\t\t<dt class='gallery-icon landscape'>\n\t\t\t\t<a href='https:\/\/mx-bretagne.com\/mxb\/report-ffm-osse-16\/zomero_osse'><img width=\"300\" height=\"150\" src=\"https:\/\/mx-bretagne.com\/mxb\/wp-content\/uploads\/2016\/09\/zomero_osse-300x150.jpg\" class=\"attachment-thumbnail size-thumbnail\" alt=\"\" decoding=\"async\" loading=\"lazy\" aria-describedby=\"gallery-4-14754\" \/><\/a>\n\t\t\t<\/dt>\n\t\t\t\t<dd class='wp-caption-text gallery-caption' id='gallery-4-14754'>\n\t\t\t\tT\u00e9o ZOMERO. \u00a9Jeremy JAGU\n\t\t\t\t<\/dd><\/dl><dl class='gallery-item'>\n\t\t\t<dt class='gallery-icon landscape'>\n\t\t\t\t<a href='https:\/\/mx-bretagne.com\/mxb\/report-ffm-osse-16\/cueff_osse'><img width=\"300\" height=\"150\" src=\"https:\/\/mx-bretagne.com\/mxb\/wp-content\/uploads\/2016\/09\/cueff_osse-300x150.jpg\" class=\"attachment-thumbnail size-thumbnail\" alt=\"\" decoding=\"async\" loading=\"lazy\" aria-describedby=\"gallery-4-14753\" \/><\/a>\n\t\t\t<\/dt>\n\t\t\t\t<dd class='wp-caption-text gallery-caption' id='gallery-4-14753'>\n\t\t\t\tPierre-Olivier Cueff. \u00a9Jeremy JAGU\n\t\t\t\t<\/dd><\/dl><dl class='gallery-item'>\n\t\t\t<dt class='gallery-icon landscape'>\n\t\t\t\t<a href='https:\/\/mx-bretagne.com\/mxb\/report-ffm-osse-16\/trelluyer_osse'><img width=\"300\" height=\"150\" src=\"https:\/\/mx-bretagne.com\/mxb\/wp-content\/uploads\/2016\/09\/trelluyer_osse-300x150.jpg\" class=\"attachment-thumbnail size-thumbnail\" alt=\"\" decoding=\"async\" loading=\"lazy\" aria-describedby=\"gallery-4-14752\" \/><\/a>\n\t\t\t<\/dt>\n\t\t\t\t<dd class='wp-caption-text gallery-caption' id='gallery-4-14752'>\n\t\t\t\tLouis Trelluyer. \u00a9Jeremy JAGU\n\t\t\t\t<\/dd><\/dl><br style=\"clear: both\" \/><dl class='gallery-item'>\n\t\t\t<dt class='gallery-icon landscape'>\n\t\t\t\t<a href='https:\/\/mx-bretagne.com\/mxb\/report-ffm-osse-16\/mordreta_osse'><img width=\"300\" height=\"150\" src=\"https:\/\/mx-bretagne.com\/mxb\/wp-content\/uploads\/2016\/09\/mordretA_osse-300x150.jpg\" class=\"attachment-thumbnail size-thumbnail\" alt=\"\" decoding=\"async\" loading=\"lazy\" aria-describedby=\"gallery-4-14750\" \/><\/a>\n\t\t\t<\/dt>\n\t\t\t\t<dd class='wp-caption-text gallery-caption' id='gallery-4-14750'>\n\t\t\t\tAlexandre Mordret. \u00a9Jeremy JAGU\n\t\t\t\t<\/dd><\/dl>\n\t\t\t<br style='clear: both' \/>\n\t\t<\/div>\n\n<p style=\"text-align: justify;\">1\u00e8re manche: 1.Louis TRELLUYER ; 2.Gautier DIASCORN ; 3.T\u00e9o ZOMERO ; 4.Valentin GUEHL ; 5.Alexandre MORDRET ; 6.Fabien GUILLOT ; 7.Pierre-Olivier CUEFF ; 8.Gregory MARECHAL ; 9.Laurent DIASCORN ; 10.Gwendal CARCREFF ; &#8230;<\/p>\n<p style=\"text-align: justify;\">Louis Trelluyer conclut sa saison en beaut\u00e9 en signant un doubl\u00e9 sur les terres de son motoclub. La bagarre pour le podium de cette manche a \u00e9t\u00e9 intense jusqu\u2019au bout. C\u2019est finalement Valentin Guehl qui termine devant Pierre Olivier Cueff. Gautier Diascorn \u00e9tait lui aussi en bagarre pour le podium il termine 4\u00e8me.<\/p>\n<p style=\"text-align: justify;\">2\u00e8me manche\u00a0: 1.Louis TRELLUYER ; 2.Valentin GUEHL ; 3.Pierre-Olivier CUEFF ; 4.Gautier DIASCORN ; 5.T\u00e9o ZOMERO ; 6.Alexandre MORDRET ; 7.Fabien GUILLOT ; 8.Laurent DIASCORN ; 9.Joris BOURON ; 10.Elie LE DEZ ; &#8230;<\/p>\n<p style=\"text-align: justify;\">Louis Trelluyer\u00a0: 1, 56\u00a0283 (chrono indicatif, non officiel)<\/p>\n<h2 style=\"text-align: justify;\">MX1: LE TITRE POUR ADAM<\/h2>\n\n\t\t<style type=\"text\/css\">\n\t\t\t#gallery-5 {\n\t\t\t\tmargin: auto;\n\t\t\t}\n\t\t\t#gallery-5 .gallery-item {\n\t\t\t\tfloat: left;\n\t\t\t\tmargin-top: 10px;\n\t\t\t\ttext-align: center;\n\t\t\t\twidth: 33%;\n\t\t\t}\n\t\t\t#gallery-5 img {\n\t\t\t\tborder: 2px solid #cfcfcf;\n\t\t\t}\n\t\t\t#gallery-5 .gallery-caption {\n\t\t\t\tmargin-left: 0;\n\t\t\t}\n\t\t\t\/* see gallery_shortcode() in wp-includes\/media.php *\/\n\t\t<\/style>\n\t\t<div id='gallery-5' class='gallery galleryid-14746 gallery-columns-3 gallery-size-thumbnail'><dl class='gallery-item'>\n\t\t\t<dt class='gallery-icon landscape'>\n\t\t\t\t<a href='https:\/\/mx-bretagne.com\/mxb\/report-ffm-osse-16\/adam_osse'><img width=\"300\" height=\"150\" src=\"https:\/\/mx-bretagne.com\/mxb\/wp-content\/uploads\/2016\/09\/adam_osse-300x150.jpg\" class=\"attachment-thumbnail size-thumbnail\" alt=\"\" decoding=\"async\" loading=\"lazy\" aria-describedby=\"gallery-5-14749\" \/><\/a>\n\t\t\t<\/dt>\n\t\t\t\t<dd class='wp-caption-text gallery-caption' id='gallery-5-14749'>\n\t\t\t\tDavid Adam. \u00a9Jeremy JAGU\n\t\t\t\t<\/dd><\/dl><dl class='gallery-item'>\n\t\t\t<dt class='gallery-icon landscape'>\n\t\t\t\t<a href='https:\/\/mx-bretagne.com\/mxb\/report-ffm-osse-16\/thace_osse'><img width=\"300\" height=\"150\" src=\"https:\/\/mx-bretagne.com\/mxb\/wp-content\/uploads\/2016\/09\/thace_osse-300x150.jpg\" class=\"attachment-thumbnail size-thumbnail\" alt=\"\" decoding=\"async\" loading=\"lazy\" aria-describedby=\"gallery-5-14748\" \/><\/a>\n\t\t\t<\/dt>\n\t\t\t\t<dd class='wp-caption-text gallery-caption' id='gallery-5-14748'>\n\t\t\t\tValentin Thac\u00e9. \u00a9Jeremy JAGU\n\t\t\t\t<\/dd><\/dl><dl class='gallery-item'>\n\t\t\t<dt class='gallery-icon landscape'>\n\t\t\t\t<a href='https:\/\/mx-bretagne.com\/mxb\/report-ffm-osse-16\/rabe_osse'><img width=\"300\" height=\"150\" src=\"https:\/\/mx-bretagne.com\/mxb\/wp-content\/uploads\/2016\/09\/rabe_osse-300x150.jpg\" class=\"attachment-thumbnail size-thumbnail\" alt=\"\" decoding=\"async\" loading=\"lazy\" aria-describedby=\"gallery-5-14747\" \/><\/a>\n\t\t\t<\/dt>\n\t\t\t\t<dd class='wp-caption-text gallery-caption' id='gallery-5-14747'>\n\t\t\t\tS\u00e9bastien Rab\u00e9. \u00a9Jeremy JAGU\n\t\t\t\t<\/dd><\/dl><br style=\"clear: both\" \/>\n\t\t<\/div>\n\n<p style=\"text-align: justify;\">Dans la premi\u00e8re manche MX1 David Adam a mis un point d\u2019honneur \u00e0 mener les d\u00e9bats. Derri\u00e8re on a assist\u00e9 \u00e0 bon duel entre Vincent Corre et S\u00e9bastien Rab\u00e9 pour la derni\u00e8re marche du podium. Valentin Thac\u00e9 \u00e9tait lui logiquement second. C\u2019est finalement dans la derni\u00e8re boucle que S\u00e9bastien Rab\u00e9 prendra l\u2019ascendant sur Vincent Corre.<\/p>\n<p style=\"text-align: justify;\">1\u00e8re manche:\u00a01.David ADAM ; 2.Valentin THACE ; 3.S\u00e9bastien RABE ; 4. Cincent CORRE ; 5.Julien CABIOCH ; 6.Alan PESSEL ; 7.Nicolas MEHEUST ; 8.Corentin VIALETTE ; 9.Matthew RAYSON ; 10.Romain CHASTEL ; &#8230;<\/p>\n<p style=\"text-align: justify;\">David Adam\u00a0: 1, 49\u00a0034 (chrono indicatif, non officiel)<\/p>\n<p style=\"text-align: justify;\">La seconde manche a \u00e9t\u00e9 presque similaire \u00e0 une diff\u00e9rence pr\u00e8s. Vincent Corre a cette fois-ci eu sa revanche sur S\u00e9bastien Rab\u00e9. Le \u00ab\u00a0Rabbit\u00a0\u00bb qui portait pour l\u2019occasion des oreilles de lapin sur son casque a d\u00fb se contenter de la quatri\u00e8me place. Julien Cabioch cl\u00f4ture la top 5 de cette ultime manche.<\/p>\n<p style=\"text-align: justify;\">2\u00e8me manche\u00a0: 1.David ADAM ; 2.Valentin THACE ; 3.Vincent CORRE ; 4.S\u00e9bastien RABE ; 5.Julien CABIOCH ; 6.Nicolas MEHEUST ; 7.Alan PESSEL ; 8.Gautier PICHAVANT ; 9.Corentin VIALETTE ; 10.Antoine LABBE\u00a0; &#8230;<\/p>\n<p style=\"text-align: justify;\">David Adam\u00a0: 1, 56 020 (chrono indicatif, non officiel dans le dernier tour)<\/p>\n<h2 style=\"text-align: justify;\">SUPERFINALE: RYTHME ELITE<\/h2>\n<p style=\"text-align: justify;\">On attendait le duel David Adam et Mathys Boisram\u00e9 pour la superfinale. Il n\u2019a finalement pas eu lieu, Mathys se faisant d\u00e9cramponn\u00e9 au fil des tours par David Adam qui filait comme un m\u00e9tronome vers une nouvelle victoire. Le nouveau champion MX2 n\u2019a pas fait de figuration puisqu\u2019il termine troisi\u00e8me et deuxi\u00e8me MX2. Valentin Thac\u00e9 assure une belle quatri\u00e8me place solide.<\/p>\n<p style=\"text-align: justify;\">1. David Adam 2. Mathys Boisram\u00e9 3. Romain Pape<\/p>\n<p style=\"text-align: justify;\">Valentin Thac\u00e9\u00a0: 1, 50 714 (chrono indicatif, non officiel)<br \/>\nVincent Corre\u00a0: 1, 53\u00a0330 (chrono indicatif, non officiel)<br \/>\nFran\u00e7ois Dor\u00e9\u00a0: 1, 54 661 (chrono indicatif, non officiel)<\/p>\n<h2>Crit\u00e9rium A<\/h2>\n\n\t\t<style type=\"text\/css\">\n\t\t\t#gallery-6 {\n\t\t\t\tmargin: auto;\n\t\t\t}\n\t\t\t#gallery-6 .gallery-item {\n\t\t\t\tfloat: left;\n\t\t\t\tmargin-top: 10px;\n\t\t\t\ttext-align: center;\n\t\t\t\twidth: 33%;\n\t\t\t}\n\t\t\t#gallery-6 img {\n\t\t\t\tborder: 2px solid #cfcfcf;\n\t\t\t}\n\t\t\t#gallery-6 .gallery-caption {\n\t\t\t\tmargin-left: 0;\n\t\t\t}\n\t\t\t\/* see gallery_shortcode() in wp-includes\/media.php *\/\n\t\t<\/style>\n\t\t<div id='gallery-6' class='gallery galleryid-14746 gallery-columns-3 gallery-size-thumbnail'><dl class='gallery-item'>\n\t\t\t<dt class='gallery-icon landscape'>\n\t\t\t\t<a href='https:\/\/mx-bretagne.com\/mxb\/report-ffm-osse-16\/914_osse'><img width=\"300\" height=\"150\" src=\"https:\/\/mx-bretagne.com\/mxb\/wp-content\/uploads\/2016\/09\/914_osse-300x150.jpg\" class=\"attachment-thumbnail size-thumbnail\" alt=\"\" decoding=\"async\" loading=\"lazy\" aria-describedby=\"gallery-6-14765\" \/><\/a>\n\t\t\t<\/dt>\n\t\t\t\t<dd class='wp-caption-text gallery-caption' id='gallery-6-14765'>\n\t\t\t\t Anthony Froidefond. \u00a9Jeremy JAGU\n\t\t\t\t<\/dd><\/dl><dl class='gallery-item'>\n\t\t\t<dt class='gallery-icon landscape'>\n\t\t\t\t<a href='https:\/\/mx-bretagne.com\/mxb\/report-ffm-osse-16\/lubin_osse'><img width=\"300\" height=\"150\" src=\"https:\/\/mx-bretagne.com\/mxb\/wp-content\/uploads\/2016\/09\/lubin_osse-300x150.jpg\" class=\"attachment-thumbnail size-thumbnail\" alt=\"\" decoding=\"async\" loading=\"lazy\" aria-describedby=\"gallery-6-14766\" \/><\/a>\n\t\t\t<\/dt>\n\t\t\t\t<dd class='wp-caption-text gallery-caption' id='gallery-6-14766'>\n\t\t\t\tNicolas Lubin. \u00a9Jeremy JAGU\n\t\t\t\t<\/dd><\/dl>\n\t\t\t<br style='clear: both' \/>\n\t\t<\/div>\n\n<p>1\u00e8re manche\u00a0: 1. Anthony Froidefond 2. J\u00e9r\u00e9my Le Mao 3. K\u00e9vin Morvan<\/p>\n<p>K\u00e9vin Morvan gagne assez facilement cette deuxi\u00e8me manche devant le vainqueur de la premi\u00e8re manche. S\u00e9bastien Launay monte sur le podium au guidon de sa 250 SX-F.<\/p>\n<p>2\u00e8me manche\u00a0: 1. K\u00e9vin Morvand 2. Anthony Froidefond 3. Sebastien Launay<br \/>\nS\u00e9bastien Launay\u00a0: 2, 14 961 (chrono indicatif, non officiel dans le dernier tour)<\/p>\n<h3>Crit\u00e9rium B<\/h3>\n<p>Esteban Labas a \u00e9t\u00e9 le plus rapide sur sa 125 YZ. Nicolas Lubin \u00e9tait dans le top 10 avant de devoir abandonner suite \u00e0 un probl\u00e8me de silencieux. Il s\u2019est bien rattrap\u00e9 en 2\u00e8me manche et lors de la finale.<\/p>\n<p>1\u00e8re manche 1. Esteban Labas 2. Arnaud Liard<br \/>\nEsteban Labas : 2, 12 714 (chrono indicatif, non officiel)<\/p>\n<p>Victoire de Nicolas Lubin sur sa 125 CR. Guillaume Voiton a fait une course solide et a su contenir Nicolas Orieroux.<\/p>\n<p>2\u00e8me manche\u00a0: 1. Nicolas Lubin 2. Guillaume Voiton 3. Nicolas Orieroux<br \/>\nNicolas Lubin\u00a0: 2, 14 020 (chrono indicatif, non officiel dans le dernier tour)<\/p>\n<p>Podium 100% Honda en finale. Nicolas Lubin a r\u00e9ussi \u00e0 doubler la 250 CR-F d\u2019Anthony Foidefond dans les derniers tours. Toujours aussi constant Nicolas Orieroux monte sur la troisi\u00e8me marche du podium.<\/p>\n<p>Finale\u00a0: 1. Nicolas Lubin 2. Anthony Froidefond 3. Nicolas Orieroux<br \/>\nAntony Froidefond\u00a0: 2, 08\u00a0153 (chrono indicatif, non officiel)<br \/>\nNicolas Lubin\u00a0: 2, 08 338 (chrono indicatif, non officiel)<\/p>\n","protected":false},"excerpt":{"rendered":"<p> + d&rsquo;infos : http:\/\/www.mx-bretagne.com\/mxb\/cat-racing<\/p>\n","protected":false},"author":5,"featured_media":14749,"comment_status":"closed","ping_status":"closed","sticky":false,"template":"","format":"standard","meta":[],"categories":[7],"tags":[],"aioseo_notices":[],"_links":{"self":[{"href":"https:\/\/mx-bretagne.com\/mxb\/wp-json\/wp\/v2\/posts\/14746"}],"collection":[{"href":"https:\/\/mx-bretagne.com\/mxb\/wp-json\/wp\/v2\/posts"}],"about":[{"href":"https:\/\/mx-bretagne.com\/mxb\/wp-json\/wp\/v2\/types\/post"}],"author":[{"embeddable":true,"href":"https:\/\/mx-bretagne.com\/mxb\/wp-json\/wp\/v2\/users\/5"}],"replies":[{"embeddable":true,"href":"https:\/\/mx-bretagne.com\/mxb\/wp-json\/wp\/v2\/comments?post=14746"}],"version-history":[{"count":5,"href":"https:\/\/mx-bretagne.com\/mxb\/wp-json\/wp\/v2\/posts\/14746\/revisions"}],"predecessor-version":[{"id":14777,"href":"https:\/\/mx-bretagne.com\/mxb\/wp-json\/wp\/v2\/posts\/14746\/revisions\/14777"}],"wp:featuredmedia":[{"embeddable":true,"href":"https:\/\/mx-bretagne.com\/mxb\/wp-json\/wp\/v2\/media\/14749"}],"wp:attachment":[{"href":"https:\/\/mx-bretagne.com\/mxb\/wp-json\/wp\/v2\/media?parent=14746"}],"wp:term":[{"taxonomy":"category","embeddable":true,"href":"https:\/\/mx-bretagne.com\/mxb\/wp-json\/wp\/v2\/categories?post=14746"},{"taxonomy":"post_tag","embeddable":true,"href":"https:\/\/mx-bretagne.com\/mxb\/wp-json\/wp\/v2\/tags?post=14746"}],"curies":[{"name":"wp","href":"https:\/\/api.w.org\/{rel}","templated":true}]}}