{"id":14346,"date":"2016-07-01T22:51:44","date_gmt":"2016-07-01T21:51:44","guid":{"rendered":"http:\/\/www.mx-bretagne.com\/mxb\/?p=14346"},"modified":"2016-07-02T07:38:23","modified_gmt":"2016-07-02T06:38:23","slug":"national-mx2-la-finale-ce-week-end","status":"publish","type":"post","link":"https:\/\/mx-bretagne.com\/mxb\/national-mx2-la-finale-ce-week-end","title":{"rendered":"NATIONAL MX2: Les resultats de Rauville"},"content":{"rendered":"<div id=\"attachment_12925\" style=\"width: 974px\" class=\"wp-caption aligncenter\"><a href=\"http:\/\/www.mx-bretagne.com\/mxb\/wp-content\/uploads\/2016\/02\/cat_2016.jpg\"><img aria-describedby=\"caption-attachment-12925\" decoding=\"async\" loading=\"lazy\" class=\"size-full wp-image-12925\" src=\"http:\/\/www.mx-bretagne.com\/mxb\/wp-content\/uploads\/2016\/02\/cat_2016.jpg\" alt=\"+ d'infos : http:\/\/www.mx-bretagne.com\/mxb\/cat-racing\" width=\"964\" height=\"159\" srcset=\"https:\/\/mx-bretagne.com\/mxb\/wp-content\/uploads\/2016\/02\/cat_2016.jpg 964w, https:\/\/mx-bretagne.com\/mxb\/wp-content\/uploads\/2016\/02\/cat_2016-650x107.jpg 650w\" sizes=\"(max-width: 964px) 100vw, 964px\" \/><\/a><p id=\"caption-attachment-12925\" class=\"wp-caption-text\">+ d&rsquo;infos : <a href=\"http:\/\/www.mx-bretagne.com\/mxb\/cat-racing\" target=\"_blank\">http:\/\/www.mx-bretagne.com\/mxb\/cat-racing<\/a><\/p><\/div>\n<div id=\"attachment_14013\" style=\"width: 1210px\" class=\"wp-caption aligncenter\"><a href=\"http:\/\/www.mx-bretagne.com\/mxb\/wp-content\/uploads\/2016\/05\/natmx2_cohas.jpg\"><img aria-describedby=\"caption-attachment-14013\" decoding=\"async\" loading=\"lazy\" class=\"size-full wp-image-14013\" src=\"http:\/\/www.mx-bretagne.com\/mxb\/wp-content\/uploads\/2016\/05\/natmx2_cohas.jpg\" alt=\"Pierre Cohas\" width=\"1200\" height=\"800\" srcset=\"https:\/\/mx-bretagne.com\/mxb\/wp-content\/uploads\/2016\/05\/natmx2_cohas.jpg 1200w, https:\/\/mx-bretagne.com\/mxb\/wp-content\/uploads\/2016\/05\/natmx2_cohas-555x370.jpg 555w\" sizes=\"(max-width: 1200px) 100vw, 1200px\" \/><\/a><p id=\"caption-attachment-14013\" class=\"wp-caption-text\">Pierre Cohas<\/p><\/div>\n<h3 style=\"text-align: justify;\">Retour sur les r\u00e9sultats de l&rsquo;\u00e9preuve du week-end pass\u00e9 et l&rsquo;\u00e9tat des lieux du classement provisoire avant la finale le 24 juillet.<\/h3>\n<p>&nbsp;<\/p>\n<h2>1\u00e8re MANCHE\u00a0Rauville la Place<\/h2>\n<p><a href=\"http:\/\/www.mx-bretagne.com\/mxb\/wp-content\/uploads\/2016\/07\/nationalclss.jpg\"><img decoding=\"async\" loading=\"lazy\" class=\"aligncenter size-full wp-image-14348\" src=\"http:\/\/www.mx-bretagne.com\/mxb\/wp-content\/uploads\/2016\/07\/nationalclss.jpg\" alt=\"nationalclss\" width=\"663\" height=\"479\" srcset=\"https:\/\/mx-bretagne.com\/mxb\/wp-content\/uploads\/2016\/07\/nationalclss.jpg 663w, https:\/\/mx-bretagne.com\/mxb\/wp-content\/uploads\/2016\/07\/nationalclss-512x370.jpg 512w\" sizes=\"(max-width: 663px) 100vw, 663px\" \/><\/a><\/p>\n<p>&nbsp;<\/p>\n<h2>2\u00e8me MANCHE Rauville la Place<\/h2>\n<p><a href=\"http:\/\/www.mx-bretagne.com\/mxb\/wp-content\/uploads\/2016\/07\/nationalclss2.jpg\"><img decoding=\"async\" loading=\"lazy\" class=\"aligncenter size-full wp-image-14347\" src=\"http:\/\/www.mx-bretagne.com\/mxb\/wp-content\/uploads\/2016\/07\/nationalclss2.jpg\" alt=\"nationalclss2\" width=\"668\" height=\"553\" srcset=\"https:\/\/mx-bretagne.com\/mxb\/wp-content\/uploads\/2016\/07\/nationalclss2.jpg 668w, https:\/\/mx-bretagne.com\/mxb\/wp-content\/uploads\/2016\/07\/nationalclss2-447x370.jpg 447w\" sizes=\"(max-width: 668px) 100vw, 668px\" \/><\/a><\/p>\n<h2>PROVISOIRE<\/h2>\n<p><a href=\"http:\/\/www.mx-bretagne.com\/mxb\/wp-content\/uploads\/2016\/07\/nationalprov.jpg\"><img decoding=\"async\" loading=\"lazy\" class=\"aligncenter size-full wp-image-14349\" src=\"http:\/\/www.mx-bretagne.com\/mxb\/wp-content\/uploads\/2016\/07\/nationalprov.jpg\" alt=\"nationalprov\" width=\"1030\" height=\"569\" srcset=\"https:\/\/mx-bretagne.com\/mxb\/wp-content\/uploads\/2016\/07\/nationalprov.jpg 1030w, https:\/\/mx-bretagne.com\/mxb\/wp-content\/uploads\/2016\/07\/nationalprov-650x359.jpg 650w\" sizes=\"(max-width: 1030px) 100vw, 1030px\" \/><\/a><\/p>\n","protected":false},"excerpt":{"rendered":"<p> + d&rsquo;infos : http:\/\/www.mx-bretagne.com\/mxb\/cat-racing<\/p>\n","protected":false},"author":1,"featured_media":14013,"comment_status":"closed","ping_status":"closed","sticky":false,"template":"","format":"standard","meta":[],"categories":[487],"tags":[],"aioseo_notices":[],"_links":{"self":[{"href":"https:\/\/mx-bretagne.com\/mxb\/wp-json\/wp\/v2\/posts\/14346"}],"collection":[{"href":"https:\/\/mx-bretagne.com\/mxb\/wp-json\/wp\/v2\/posts"}],"about":[{"href":"https:\/\/mx-bretagne.com\/mxb\/wp-json\/wp\/v2\/types\/post"}],"author":[{"embeddable":true,"href":"https:\/\/mx-bretagne.com\/mxb\/wp-json\/wp\/v2\/users\/1"}],"replies":[{"embeddable":true,"href":"https:\/\/mx-bretagne.com\/mxb\/wp-json\/wp\/v2\/comments?post=14346"}],"version-history":[{"count":3,"href":"https:\/\/mx-bretagne.com\/mxb\/wp-json\/wp\/v2\/posts\/14346\/revisions"}],"predecessor-version":[{"id":14354,"href":"https:\/\/mx-bretagne.com\/mxb\/wp-json\/wp\/v2\/posts\/14346\/revisions\/14354"}],"wp:featuredmedia":[{"embeddable":true,"href":"https:\/\/mx-bretagne.com\/mxb\/wp-json\/wp\/v2\/media\/14013"}],"wp:attachment":[{"href":"https:\/\/mx-bretagne.com\/mxb\/wp-json\/wp\/v2\/media?parent=14346"}],"wp:term":[{"taxonomy":"category","embeddable":true,"href":"https:\/\/mx-bretagne.com\/mxb\/wp-json\/wp\/v2\/categories?post=14346"},{"taxonomy":"post_tag","embeddable":true,"href":"https:\/\/mx-bretagne.com\/mxb\/wp-json\/wp\/v2\/tags?post=14346"}],"curies":[{"name":"wp","href":"https:\/\/api.w.org\/{rel}","templated":true}]}}