{"id":14233,"date":"2016-07-20T08:10:51","date_gmt":"2016-07-20T07:10:51","guid":{"rendered":"http:\/\/www.mx-bretagne.com\/mxb\/?p=14233"},"modified":"2016-07-20T09:34:58","modified_gmt":"2016-07-20T08:34:58","slug":"cagnotte-tous-ensemble-pour-lulu-trecherel","status":"publish","type":"post","link":"https:\/\/mx-bretagne.com\/mxb\/cagnotte-tous-ensemble-pour-lulu-trecherel","title":{"rendered":"CAGNOTTE: Tous ensemble pour Lulu Trecherel (MAJ)"},"content":{"rendered":"<p><a href=\"http:\/\/www.mx-bretagne.com\/mxb\/wp-content\/uploads\/2016\/06\/cagnotte-lulu.jpg\"><img decoding=\"async\" loading=\"lazy\" class=\"aligncenter size-full wp-image-14234\" src=\"http:\/\/www.mx-bretagne.com\/mxb\/wp-content\/uploads\/2016\/06\/cagnotte-lulu.jpg\" alt=\"cagnotte-lulu\" width=\"1200\" height=\"800\" srcset=\"https:\/\/mx-bretagne.com\/mxb\/wp-content\/uploads\/2016\/06\/cagnotte-lulu.jpg 1200w, https:\/\/mx-bretagne.com\/mxb\/wp-content\/uploads\/2016\/06\/cagnotte-lulu-555x370.jpg 555w\" sizes=\"(max-width: 1200px) 100vw, 1200px\" \/><\/a><\/p>\n<h3 style=\"text-align: justify;\">En 2013, Lucas Tr\u00e9cherel a 14 ans, il est passionn\u00e9 de motocross qu&rsquo;il pratique depuis plusieurs ann\u00e9e en championnat de Bretagne. Un tr\u00e8s bon pilote qui\u00a0encha\u00eene les stages et comp\u00e9titions afin de devenir encore plus fort.<\/h3>\n<p style=\"text-align: justify;\"><!--more-->Mais&#8230;&#8230;en juin 2013, pendant un entrainement il chute sur un saut et c&rsquo;est le drame .. \u00c9vacuation en h\u00e9licopt\u00e8re, diagnostique inqui\u00e9tant pour Lucas se trouve\u00a0dans le comas. Il se r\u00e9veil difficilement quelques semaines plus tard avec de lourdes s\u00e9quelles: 2 h\u00e9matomes au cerveaux, poignet cass\u00e9, op\u00e9ration de la colonne vert\u00e9brale ect&#8230;<\/p>\n<p style=\"text-align: justify;\">Aujourd&rsquo;hui il a 17 ans, \u00a0il se bat tous les jours pour remarcher et le parcours est long, entourer de sa famille et amis.<\/p>\n<blockquote><p>Son r\u00eave ? Retrouver la marche, retourner \u00e0 l&rsquo;\u00e9cole&#8230; vivre sa vie d&rsquo;ado !<\/p><\/blockquote>\n<p style=\"text-align: justify;\">Ses proches ont\u00a0besoin de vous afin de financer un s\u00e9jour de r\u00e9\u00e9ducation sp\u00e9cifique tr\u00e8s intense en Pologne, c&rsquo;est pourquoi cette cagnotte participative a \u00e9t\u00e9 mise en place pour atteindre la somme de 3000\u20ac.<\/p>\n<p style=\"text-align: justify;\"><span style=\"color: #ff0000;\"><strong><span style=\"font-size: 24pt;\">MISE A JOUR<\/span><\/strong><\/span><\/p>\n<h3>Lulu et sa famille remercie les participants pour les 3000 euros qui ont \u00e9t\u00e9 atteint. Cependant cette somme correspond uniquement au\u00a0financement des 15 jours dans le centre de r\u00e9\u00e9ducation, \u00e0 cela il faudra rajouter les frais annexes:<\/h3>\n<h3>\u00a0 * billet d&rsquo;avion pour Lucas et sa maman dans les 1000 euros<\/h3>\n<h3>\u00a0 * l&rsquo;heb\u00e9rgement de la maman<\/h3>\n<h3>\u00a0 * la location d&rsquo;un vehicule specialis\u00e9<\/h3>\n<h3>\u00a0 * les repas<\/h3>\n<h3><\/h3>\n<h3 style=\"text-align: center;\">LA CAGNOTTE NE S&rsquo;ARRETE PAS A 3000 EUROS et toute aide suppl\u00e9mentaire\u00a0sera pr\u00e9cieuse !<\/h3>\n<p style=\"text-align: center;\"><strong><span style=\"font-size: 24pt; background-color: #ffcc00;\"><a style=\"background-color: #ffcc00;\" href=\"http:\/\/www.leetchi.com\/c\/solidarite-de-lucas-trecherel\" target=\"_blank\">Ici vous pouvez directement et en un clic, participer \u00e0 cette cagnotte<\/a><\/span><\/strong><\/p>\n<p style=\"text-align: justify;\">Chacun participe du montant qu&rsquo;il souhaite.<br \/>\nTous les paiements sont s\u00e9curis\u00e9s<br \/>\nMerci \u00e0 tous<\/p>\n","protected":false},"excerpt":{"rendered":"<p><\/p>\n","protected":false},"author":1,"featured_media":14234,"comment_status":"closed","ping_status":"closed","sticky":false,"template":"","format":"standard","meta":[],"categories":[4],"tags":[],"aioseo_notices":[],"_links":{"self":[{"href":"https:\/\/mx-bretagne.com\/mxb\/wp-json\/wp\/v2\/posts\/14233"}],"collection":[{"href":"https:\/\/mx-bretagne.com\/mxb\/wp-json\/wp\/v2\/posts"}],"about":[{"href":"https:\/\/mx-bretagne.com\/mxb\/wp-json\/wp\/v2\/types\/post"}],"author":[{"embeddable":true,"href":"https:\/\/mx-bretagne.com\/mxb\/wp-json\/wp\/v2\/users\/1"}],"replies":[{"embeddable":true,"href":"https:\/\/mx-bretagne.com\/mxb\/wp-json\/wp\/v2\/comments?post=14233"}],"version-history":[{"count":7,"href":"https:\/\/mx-bretagne.com\/mxb\/wp-json\/wp\/v2\/posts\/14233\/revisions"}],"predecessor-version":[{"id":14428,"href":"https:\/\/mx-bretagne.com\/mxb\/wp-json\/wp\/v2\/posts\/14233\/revisions\/14428"}],"wp:featuredmedia":[{"embeddable":true,"href":"https:\/\/mx-bretagne.com\/mxb\/wp-json\/wp\/v2\/media\/14234"}],"wp:attachment":[{"href":"https:\/\/mx-bretagne.com\/mxb\/wp-json\/wp\/v2\/media?parent=14233"}],"wp:term":[{"taxonomy":"category","embeddable":true,"href":"https:\/\/mx-bretagne.com\/mxb\/wp-json\/wp\/v2\/categories?post=14233"},{"taxonomy":"post_tag","embeddable":true,"href":"https:\/\/mx-bretagne.com\/mxb\/wp-json\/wp\/v2\/tags?post=14233"}],"curies":[{"name":"wp","href":"https:\/\/api.w.org\/{rel}","templated":true}]}}