{"id":14209,"date":"2016-06-13T21:01:19","date_gmt":"2016-06-13T20:01:19","guid":{"rendered":"http:\/\/www.mx-bretagne.com\/mxb\/?p=14209"},"modified":"2016-06-13T21:01:19","modified_gmt":"2016-06-13T20:01:19","slug":"mathys-boisrame-dans-la-course-au-titre-elite-mx2","status":"publish","type":"post","link":"https:\/\/mx-bretagne.com\/mxb\/mathys-boisrame-dans-la-course-au-titre-elite-mx2","title":{"rendered":"Mathys Boisrame dans la course au titre Elite MX2"},"content":{"rendered":"<div id=\"attachment_14210\" style=\"width: 810px\" class=\"wp-caption aligncenter\"><a href=\"http:\/\/www.mx-bretagne.com\/mxb\/wp-content\/uploads\/2016\/06\/MO9A2734.jpg\"><img aria-describedby=\"caption-attachment-14210\" decoding=\"async\" loading=\"lazy\" class=\"wp-image-14210 size-full\" src=\"http:\/\/www.mx-bretagne.com\/mxb\/wp-content\/uploads\/2016\/06\/MO9A2734.jpg\" alt=\"MO9A2734\" width=\"800\" height=\"533\" srcset=\"https:\/\/mx-bretagne.com\/mxb\/wp-content\/uploads\/2016\/06\/MO9A2734.jpg 800w, https:\/\/mx-bretagne.com\/mxb\/wp-content\/uploads\/2016\/06\/MO9A2734-555x370.jpg 555w\" sizes=\"(max-width: 800px) 100vw, 800px\" \/><\/a><p id=\"caption-attachment-14210\" class=\"wp-caption-text\">Photo Mediacross<\/p><\/div>\n<h3 style=\"text-align: justify;\">L\u2019avant derni\u00e8re \u00e9preuve du championnat de France Elite de MX s\u2019est disput\u00e9e dans des conditions difficiles, du fait des averses qui sont tomb\u00e9es tout au long du weekend sur le circuit d\u2019Ern\u00e9e. Second de l\u2019\u00e9preuve, Mathys Boisrame reste plus que jamais dans la course au titre qui se jouera le 17 Juillet \u00e0 Iffendic en Bretagne.<\/h3>\n<p><!--more--><\/p>\n<p>&nbsp;<\/p>\n<p style=\"text-align: justify;\">Mathys et Herv\u00e9 Hagn\u00e9r\u00e9 son pr\u00e9parateur reprenaient contact avec l\u2019Elite apr\u00e8s avoir manqu\u00e9 l\u2019\u00e9preuve pr\u00e9c\u00e9dente du fait de leur engagement en championnat d\u2019Europe. Sur une piste grasse ou il \u00e9tait facile de faire des fautes Mathys signait le troisi\u00e8me temps de son groupe aux essais, et entrait sur la grille en cinqui\u00e8me position. Auteur comme le weekend pr\u00e9c\u00e9dent \u00e0 St jean d\u2019excellents d\u00e9parts sur son YZF Tip Top, Mathys allait un peu trop se pr\u00e9cipiter en d\u00e9but de premi\u00e8re manche pour ravir la t\u00eate de la course \u00e0 Nicolas Dercourt\u00a0; chutant une premi\u00e8re fois, puis une seconde, la Yamaha #172 n\u2019\u00e9tait que cinqui\u00e8me apr\u00e8s deux tours de circuit. Mathys allait se reprendre, et apr\u00e8s cinq tours c\u2019est en troisi\u00e8me position qu\u2019on le retrouvait, loin toutefois des deux premiers. Ce n\u2019est que dans le dernier tour qu\u2019il allait passer second derri\u00e8re Florent Richier, apr\u00e8s que le leader ait cass\u00e9. Bien soutenu par le public Breton, Mathys allait faire une tr\u00e8s belle seconde manche\u00a0; quatri\u00e8me en d\u00e9but de course, il passait rapidement troisi\u00e8me puis attaquait Richier qu\u2019il doublait dans le cinqui\u00e8me tour pour s\u2019assurer une nouvelle fois la seconde place, \u00e0 distance de Dercourt net vainqueur.<\/p>\n<p style=\"text-align: justify;\">Au championnat, Mathys perd un point sur Richier, qui en compte officiellement dix d\u2019avance. Mais avant la finale d\u2019Iffendic Mathys sera cr\u00e9dit\u00e9 de 40,8 points, ce qui correspond \u00e0 la moyenne des points marqu\u00e9s (204) sur les cinq \u00e9preuves auxquelles il a particip\u00e9\u00a0; ce cr\u00e9dit correspond \u00e0 son absence \u00e0 Gaillac, pour cause de championnat d\u2019Europe le m\u00eame weekend en Lettonie, et il est \u00e0 noter que Dercourt va lui \u00eatre cr\u00e9dit\u00e9 de 35,8 points compl\u00e9mentaires. Une mesure destin\u00e9e \u00e0 favoriser, en cas de concurrence de date entre Elite et championnat d\u2019Europe, la participation de nos meilleurs espoirs aux championnats Europ\u00e9ens. La situation au championnat serait donc avant Iffendic la suivante\u00a0: 1.Boisrame, 244,8 pts\u00a0; 2.Dercourt, 214,8\u00a0; 3.Richier, 214\u00a0; etc\u2026.<\/p>\n<h2 style=\"text-align: justify;\">Mathys Boisrame<\/h2>\n<blockquote>\n<p style=\"text-align: justify;\">\u00ab\u00a0Ce fut une bonne journ\u00e9e, avec deux places de second et de gros points pour le championnat. Je ne suis pas arriv\u00e9 ici au mieux de ma forme, cette semaine j\u2019\u00e9tais malade et je n\u2019ai pas pu m\u2019entrainer comme d\u2019habitude si bien que je n\u2019\u00e9tais pas tr\u00e8s \u00e0 l\u2019aise en arrivant ici. C\u2019est sans doute ce qui m\u2019a manqu\u00e9 pour aller chercher Nico qui \u00e9tait tr\u00e8s rapide aujourd\u2019hui, je manquais un peu de vitesse, un peu de tout. En premi\u00e8re manche je me suis trop pr\u00e9cipit\u00e9 pour essayer de passer devant, ce qui s\u2019est traduit par plusieurs chutes\u00a0! L\u2019important est d\u2019avoir assur\u00e9 de bons points, maintenant avant la finale \u00e0 Iffendic on a deux \u00e9preuves du championnat d\u2019Europe devant nous et l\u2019objectif sera d\u2019aller chercher ce podium qui nous a \u00e9chapp\u00e9 en France\u00a0; je suis sur une bonne dynamique, la moto marche bien, on commence \u00e0 parler de moi pour 2017, et je sais qu\u2019\u00e0 Iffendic les Bretons seront derri\u00e8re moi\u00a0!\u00a0\u00bb<\/p>\n<\/blockquote>\n","protected":false},"excerpt":{"rendered":"<p> Photo Mediacross<\/p>\n","protected":false},"author":1,"featured_media":14210,"comment_status":"closed","ping_status":"closed","sticky":false,"template":"","format":"standard","meta":[],"categories":[52],"tags":[],"aioseo_notices":[],"_links":{"self":[{"href":"https:\/\/mx-bretagne.com\/mxb\/wp-json\/wp\/v2\/posts\/14209"}],"collection":[{"href":"https:\/\/mx-bretagne.com\/mxb\/wp-json\/wp\/v2\/posts"}],"about":[{"href":"https:\/\/mx-bretagne.com\/mxb\/wp-json\/wp\/v2\/types\/post"}],"author":[{"embeddable":true,"href":"https:\/\/mx-bretagne.com\/mxb\/wp-json\/wp\/v2\/users\/1"}],"replies":[{"embeddable":true,"href":"https:\/\/mx-bretagne.com\/mxb\/wp-json\/wp\/v2\/comments?post=14209"}],"version-history":[{"count":1,"href":"https:\/\/mx-bretagne.com\/mxb\/wp-json\/wp\/v2\/posts\/14209\/revisions"}],"predecessor-version":[{"id":14211,"href":"https:\/\/mx-bretagne.com\/mxb\/wp-json\/wp\/v2\/posts\/14209\/revisions\/14211"}],"wp:featuredmedia":[{"embeddable":true,"href":"https:\/\/mx-bretagne.com\/mxb\/wp-json\/wp\/v2\/media\/14210"}],"wp:attachment":[{"href":"https:\/\/mx-bretagne.com\/mxb\/wp-json\/wp\/v2\/media?parent=14209"}],"wp:term":[{"taxonomy":"category","embeddable":true,"href":"https:\/\/mx-bretagne.com\/mxb\/wp-json\/wp\/v2\/categories?post=14209"},{"taxonomy":"post_tag","embeddable":true,"href":"https:\/\/mx-bretagne.com\/mxb\/wp-json\/wp\/v2\/tags?post=14209"}],"curies":[{"name":"wp","href":"https:\/\/api.w.org\/{rel}","templated":true}]}}