{"id":14197,"date":"2016-06-13T20:56:20","date_gmt":"2016-06-13T19:56:20","guid":{"rendered":"http:\/\/www.mx-bretagne.com\/mxb\/?p=14197"},"modified":"2016-06-13T22:25:28","modified_gmt":"2016-06-13T21:25:28","slug":"report-24mx-tour-ernee","status":"publish","type":"post","link":"https:\/\/mx-bretagne.com\/mxb\/report-24mx-tour-ernee","title":{"rendered":"REPORT: 24MX TOUR Ern\u00e9e"},"content":{"rendered":"<div id=\"attachment_12925\" style=\"width: 974px\" class=\"wp-caption aligncenter\"><a href=\"http:\/\/www.mx-bretagne.com\/mxb\/wp-content\/uploads\/2016\/02\/cat_2016.jpg\"><img aria-describedby=\"caption-attachment-12925\" decoding=\"async\" loading=\"lazy\" class=\"size-full wp-image-12925\" src=\"http:\/\/www.mx-bretagne.com\/mxb\/wp-content\/uploads\/2016\/02\/cat_2016.jpg\" alt=\"+ d'infos : http:\/\/www.mx-bretagne.com\/mxb\/cat-racing\" width=\"964\" height=\"159\" srcset=\"https:\/\/mx-bretagne.com\/mxb\/wp-content\/uploads\/2016\/02\/cat_2016.jpg 964w, https:\/\/mx-bretagne.com\/mxb\/wp-content\/uploads\/2016\/02\/cat_2016-650x107.jpg 650w\" sizes=\"(max-width: 964px) 100vw, 964px\" \/><\/a><p id=\"caption-attachment-12925\" class=\"wp-caption-text\">+ d&rsquo;infos : http:\/\/www.mx-bretagne.com\/mxb\/cat-racing<\/p><\/div>\n<h3 style=\"text-align: justify;\">De retour sur les terres du MC Ern\u00e9e moins d\u2019un an apr\u00e8s un motocross des Nations inoubliable. Le circuit \u00e9tait vraiment bien pr\u00e9par\u00e9 malheureusement la m\u00e9t\u00e9o n\u2019a pas \u00e9t\u00e9 top mais le club a \u00e9t\u00e9 tr\u00e8s pro.<\/h3>\n<p><!--more--><\/p>\n\n\t\t<style type=\"text\/css\">\n\t\t\t#gallery-1 {\n\t\t\t\tmargin: auto;\n\t\t\t}\n\t\t\t#gallery-1 .gallery-item {\n\t\t\t\tfloat: left;\n\t\t\t\tmargin-top: 10px;\n\t\t\t\ttext-align: center;\n\t\t\t\twidth: 33%;\n\t\t\t}\n\t\t\t#gallery-1 img {\n\t\t\t\tborder: 2px solid #cfcfcf;\n\t\t\t}\n\t\t\t#gallery-1 .gallery-caption {\n\t\t\t\tmargin-left: 0;\n\t\t\t}\n\t\t\t\/* see gallery_shortcode() in wp-includes\/media.php *\/\n\t\t<\/style>\n\t\t<div id='gallery-1' class='gallery galleryid-14197 gallery-columns-3 gallery-size-thumbnail'><dl class='gallery-item'>\n\t\t\t<dt class='gallery-icon landscape'>\n\t\t\t\t<a href='https:\/\/mx-bretagne.com\/mxb\/report-24mx-tour-ernee\/clochet2'><img width=\"300\" height=\"150\" src=\"https:\/\/mx-bretagne.com\/mxb\/wp-content\/uploads\/2016\/06\/clochet2-300x150.jpg\" class=\"attachment-thumbnail size-thumbnail\" alt=\"\" decoding=\"async\" loading=\"lazy\" \/><\/a>\n\t\t\t<\/dt><\/dl><dl class='gallery-item'>\n\t\t\t<dt class='gallery-icon landscape'>\n\t\t\t\t<a href='https:\/\/mx-bretagne.com\/mxb\/report-24mx-tour-ernee\/goupillon-2'><img width=\"300\" height=\"150\" src=\"https:\/\/mx-bretagne.com\/mxb\/wp-content\/uploads\/2016\/06\/goupillon-300x150.jpg\" class=\"attachment-thumbnail size-thumbnail\" alt=\"\" decoding=\"async\" loading=\"lazy\" \/><\/a>\n\t\t\t<\/dt><\/dl><dl class='gallery-item'>\n\t\t\t<dt class='gallery-icon landscape'>\n\t\t\t\t<a href='https:\/\/mx-bretagne.com\/mxb\/report-24mx-tour-ernee\/grosmoyen'><img width=\"300\" height=\"150\" src=\"https:\/\/mx-bretagne.com\/mxb\/wp-content\/uploads\/2016\/06\/grosmoyen-300x150.jpg\" class=\"attachment-thumbnail size-thumbnail\" alt=\"\" decoding=\"async\" loading=\"lazy\" \/><\/a>\n\t\t\t<\/dt><\/dl><br style=\"clear: both\" \/><dl class='gallery-item'>\n\t\t\t<dt class='gallery-icon landscape'>\n\t\t\t\t<a href='https:\/\/mx-bretagne.com\/mxb\/report-24mx-tour-ernee\/guyon'><img width=\"300\" height=\"150\" src=\"https:\/\/mx-bretagne.com\/mxb\/wp-content\/uploads\/2016\/06\/guyon-300x150.jpg\" class=\"attachment-thumbnail size-thumbnail\" alt=\"\" decoding=\"async\" loading=\"lazy\" \/><\/a>\n\t\t\t<\/dt><\/dl><dl class='gallery-item'>\n\t\t\t<dt class='gallery-icon landscape'>\n\t\t\t\t<a href='https:\/\/mx-bretagne.com\/mxb\/report-24mx-tour-ernee\/piste'><img width=\"300\" height=\"150\" src=\"https:\/\/mx-bretagne.com\/mxb\/wp-content\/uploads\/2016\/06\/piste-300x150.jpg\" class=\"attachment-thumbnail size-thumbnail\" alt=\"\" decoding=\"async\" loading=\"lazy\" \/><\/a>\n\t\t\t<\/dt><\/dl><dl class='gallery-item'>\n\t\t\t<dt class='gallery-icon landscape'>\n\t\t\t\t<a href='https:\/\/mx-bretagne.com\/mxb\/report-24mx-tour-ernee\/pp-2'><img width=\"300\" height=\"150\" src=\"https:\/\/mx-bretagne.com\/mxb\/wp-content\/uploads\/2016\/06\/pp-300x150.jpg\" class=\"attachment-thumbnail size-thumbnail\" alt=\"\" decoding=\"async\" loading=\"lazy\" \/><\/a>\n\t\t\t<\/dt><\/dl><br style=\"clear: both\" \/><dl class='gallery-item'>\n\t\t\t<dt class='gallery-icon landscape'>\n\t\t\t\t<a href='https:\/\/mx-bretagne.com\/mxb\/report-24mx-tour-ernee\/teillet-3'><img width=\"300\" height=\"150\" src=\"https:\/\/mx-bretagne.com\/mxb\/wp-content\/uploads\/2016\/06\/teillet-300x150.jpg\" class=\"attachment-thumbnail size-thumbnail\" alt=\"\" decoding=\"async\" loading=\"lazy\" \/><\/a>\n\t\t\t<\/dt><\/dl><dl class='gallery-item'>\n\t\t\t<dt class='gallery-icon landscape'>\n\t\t\t\t<a href='https:\/\/mx-bretagne.com\/mxb\/report-24mx-tour-ernee\/aubin-2'><img width=\"300\" height=\"150\" src=\"https:\/\/mx-bretagne.com\/mxb\/wp-content\/uploads\/2016\/06\/aubin-300x150.jpg\" class=\"attachment-thumbnail size-thumbnail\" alt=\"\" decoding=\"async\" loading=\"lazy\" \/><\/a>\n\t\t\t<\/dt><\/dl><dl class='gallery-item'>\n\t\t\t<dt class='gallery-icon landscape'>\n\t\t\t\t<a href='https:\/\/mx-bretagne.com\/mxb\/report-24mx-tour-ernee\/boog-4'><img width=\"300\" height=\"150\" src=\"https:\/\/mx-bretagne.com\/mxb\/wp-content\/uploads\/2016\/06\/boog-300x150.jpg\" class=\"attachment-thumbnail size-thumbnail\" alt=\"\" decoding=\"async\" loading=\"lazy\" \/><\/a>\n\t\t\t<\/dt><\/dl><br style=\"clear: both\" \/>\n\t\t<\/div>\n\n<h2 style=\"text-align: justify;\">125<\/h2>\n<p style=\"text-align: justify;\">Pierre Goupillon remporte les deux manches. La premi\u00e8re \u00e9tait promise \u00e0 Zachary Pichon sans un accrochage dans le dernier tour. En seconde manche Pierre a domin\u00e9 sans probl\u00e8me de bon augure pour l\u2019Angleterre ce weekend o\u00f9 il devrait retrouver des conditions similaires. Les fran\u00e7ais vont \u00eatre pr\u00eats.<br \/>\n1\u00e8re manche\u00a0: 1. Pierre Goupillon 2. Zachary Pichon 3. Brian Strubhart Moreau<br \/>\n2\u00e8me manche\u00a0: 1. Pierre Goupillon 2. Zachary Pichon 3. Stephen Rubini<br \/>\nStephen Rubini\u00a0: 2, 04\u00a0150 (chrono indicatif, non officiel)<br \/>\nPierre Goupillon\u00a0: 2, 04\u00a0337 (chrono indicatif, non officiel)<br \/>\nZachary Pichon\u00a0: 2, 06\u00a0213 (chrono indicatif, non officiel)<\/p>\n<h2 style=\"text-align: justify;\">85<\/h2>\n<p style=\"text-align: justify;\">Tom Guyon remporte les deux manches et devient champion de France Espoirs 85 sur sa TM. Math\u00e9o Miot \u00e9tait tr\u00e8s efficace mais Tom \u00e9tait le plus rapide. Florian Miot (20\/6) avait la vitesse mais les chutes ne l\u2019ont \u00e9pargn\u00e9. Le team 114 de Livia Lancelot \u00e9tait pr\u00e9sent dans cette cat\u00e9gorie avec Axel Louis qui termine 22\u00e8me en deuxi\u00e8me manche. \u00c0 noter les qualifications des bretons Alan Harnois (22\/15), Alizio Pinson (16\/DNF) Amalric Marquer (29\/36) et Th\u00e9o Vaity (31\/23). Pierre Louis Deroyer \u00e9choue de tr\u00e8s peu, la progression est l\u00e0 on y croit\u00a0!<br \/>\n1\u00e8re manche\u00a0: 1. Tom Guyon 2. Math\u00e9o Miot 3. Arthur Vial<br \/>\n2\u00e8me manche\u00a0: 1. Tom Guyon 2. Math\u00e9o Miot 3. Thibault Benistant<br \/>\nTom Guyon\u00a0: 2, 01\u00a0345 (chrono indicatif, non officiel, le circuit \u00e9tait coup\u00e9)<br \/>\nMath\u00e9o Miot\u00a0: 2, 03 272 (chrono indicatif, non officiel, le circuit \u00e9tait coup\u00e9)<\/p>\n<h2 style=\"text-align: justify;\">MX2<\/h2>\n<p style=\"text-align: justify;\">Mathys Boisram\u00e9 signe deux belles secondes places ce qui lui permet d\u2019aborder Iffendic confiant. La casse de Nicolas Dercourt en premi\u00e8re manche l\u2019\u00e9limine pour la course au titre. Tom Vialle r\u00e9alise une excellente performance en terminant 8\u00e8me en deuxi\u00e8me manche. Une chute et un probl\u00e8me m\u00e9canique l\u2019ont malheureusement stopp\u00e9 en premi\u00e8re manche apr\u00e8s un super d\u00e9part. Dan Houzet prend la douzi\u00e8me place de la premi\u00e8re manche sans sa selle et son ou\u00efe de radiateur gauche suite \u00e0 une chute dans le premier tour. Il finira 5\u00e8me du second d\u00e9bat.<br \/>\nSuper 4\u00e8me place en 1\u00e8re manche de Jimmy Clochet qui confirme son potentiel et montre que le niveau du national MX2 est vraiment relev\u00e9. Bravo \u00e0 a lui. Petit clin d\u2019\u0153il avec un panneautage vraiment au top. Une grosse chute en seconde manche le rel\u00e8gue 15\u00e8me avec une moto froiss\u00e9e. Bon r\u00e9tablissement \u00e0 Yannis Irsuti lui aussi pris dans la chute et qui n\u2019est pas reparti.<br \/>\n1\u00e8re manche\u00a0: 1. Florent Richier 2. Mathys Boisram\u00e9 3. Anthony Bourdon<br \/>\nMathys Boisram\u00e9\u00a0: 2, 17\u00a0771 (peut-\u00eatre une chute, chrono indicatif, non officiel)<br \/>\n2, 09\u00a0027 (chrono indicatif, non officiel)<br \/>\nFlorent Richier\u00a0: 2, 13\u00a0403 (chrono indicatif, non officiel)<br \/>\nNicolas Dercourt\u00a0: 2, 10 084 (chrono indicatif, non officiel)<br \/>\n2\u00e8me manche\u00a0: 1. Nicolas Dercourt 2. Mathys Boisram\u00e9 3. Florent Richier<br \/>\nNicolas Dercourt\u00a0: 2, 00 143 (chrono indicatif, non officiel)<br \/>\nMathys Boisram\u00e9\u00a0: 2, 13 585 (chrono indicatif, non officiel)<\/p>\n<h2 style=\"text-align: justify;\">MX1<\/h2>\n<p style=\"text-align: justify;\">Xavier Boog remporte le g\u00e9n\u00e9ral au b\u00e9n\u00e9fice de la seconde manche. Cependant Valentin Teillet a repris de pr\u00e9cieux points dans l\u2019optique du titre. Gr\u00e9gory Aranda (5\/5) a d\u00fb serrer les dents \u00e0 cause de son genou douloureux. Lo\u00efc Rombault (3\/4) et Nicolas Aubin (6\/3) r\u00e9pondent toujours pr\u00e9sents dans les conditions difficiles. S\u00e9bastien Pourcel (8\/9) n\u2019a pas trouv\u00e9 son rythme sur cette piste tr\u00e8s pi\u00e9geuse. La journ\u00e9e s\u2019est termin\u00e9e sur un drapeau rouge un tour avant la fin tellement l\u2019averse de pluie a \u00e9t\u00e9 intense. Les sweats \u00ab\u00a0MXB\u00a0\u00bb ont r\u00e9sist\u00e9. Pierrick Paget pigiste d\u2019un jour dans le team 2B termine 25\u00e8me avec une crevaison en premi\u00e8re manche. Il a d\u00fb abandonner en seconde manche.<\/p>\n<p style=\"text-align: justify;\">1\u00e8re manche\u00a0: 1. Valentin Teillet 2. Xavier Boog 3. Lo\u00efc Rombaut<br \/>\nValentin Teillet\u00a0: 2, 01\u00a0658 (chrono indicatif, non officiel)<br \/>\nXavier Boog\u00a0: 2, 08\u00a0215 (chrono indicatif, non officiel)<br \/>\n2\u00e8me manche\u00a0: 1. Xavier Boog 2. Valentin Teillet 3. Nicolas Aubin<br \/>\nXavier Boog\u00a0: 2, 03\u00a0152 (chrono indicatif, non officiel)<br \/>\nNicolas Aubin : 2, 05 771 (chrono indicatif, non officiel)<br \/>\nValentin Teillet\u00a0: 2, 04 093 (chrono indicatif, non officiel)<br \/>\nLo\u00efc Rombaut\u00a0: 2, 09 082 (chrono indicatif, non officiel)<br \/>\nGr\u00e9gory Aranda\u00a0: 2, 07 334 (chrono indicatif, non officiel)<\/p>\n","protected":false},"excerpt":{"rendered":"<p> + d&rsquo;infos : http:\/\/www.mx-bretagne.com\/mxb\/cat-racing<\/p>\n","protected":false},"author":5,"featured_media":14199,"comment_status":"closed","ping_status":"closed","sticky":false,"template":"","format":"standard","meta":[],"categories":[294],"tags":[],"aioseo_notices":[],"_links":{"self":[{"href":"https:\/\/mx-bretagne.com\/mxb\/wp-json\/wp\/v2\/posts\/14197"}],"collection":[{"href":"https:\/\/mx-bretagne.com\/mxb\/wp-json\/wp\/v2\/posts"}],"about":[{"href":"https:\/\/mx-bretagne.com\/mxb\/wp-json\/wp\/v2\/types\/post"}],"author":[{"embeddable":true,"href":"https:\/\/mx-bretagne.com\/mxb\/wp-json\/wp\/v2\/users\/5"}],"replies":[{"embeddable":true,"href":"https:\/\/mx-bretagne.com\/mxb\/wp-json\/wp\/v2\/comments?post=14197"}],"version-history":[{"count":2,"href":"https:\/\/mx-bretagne.com\/mxb\/wp-json\/wp\/v2\/posts\/14197\/revisions"}],"predecessor-version":[{"id":14217,"href":"https:\/\/mx-bretagne.com\/mxb\/wp-json\/wp\/v2\/posts\/14197\/revisions\/14217"}],"wp:featuredmedia":[{"embeddable":true,"href":"https:\/\/mx-bretagne.com\/mxb\/wp-json\/wp\/v2\/media\/14199"}],"wp:attachment":[{"href":"https:\/\/mx-bretagne.com\/mxb\/wp-json\/wp\/v2\/media?parent=14197"}],"wp:term":[{"taxonomy":"category","embeddable":true,"href":"https:\/\/mx-bretagne.com\/mxb\/wp-json\/wp\/v2\/categories?post=14197"},{"taxonomy":"post_tag","embeddable":true,"href":"https:\/\/mx-bretagne.com\/mxb\/wp-json\/wp\/v2\/tags?post=14197"}],"curies":[{"name":"wp","href":"https:\/\/api.w.org\/{rel}","templated":true}]}}