{"id":13410,"date":"2016-03-26T19:36:46","date_gmt":"2016-03-26T18:36:46","guid":{"rendered":"http:\/\/www.mx-bretagne.com\/mxb\/?p=13410"},"modified":"2016-03-26T19:37:54","modified_gmt":"2016-03-26T18:37:54","slug":"emx-250-ouverture-de-la-saison-pour-mathys-boisrame-a-valkenswaard-ce-week-end","status":"publish","type":"post","link":"https:\/\/mx-bretagne.com\/mxb\/emx-250-ouverture-de-la-saison-pour-mathys-boisrame-a-valkenswaard-ce-week-end","title":{"rendered":"EMX 250: Ouverture de la saison pour Mathys Boisram\u00e9 \u00e0 Valkenswaard ce week-end"},"content":{"rendered":"<div id=\"attachment_13411\" style=\"width: 810px\" class=\"wp-caption aligncenter\"><img aria-describedby=\"caption-attachment-13411\" decoding=\"async\" loading=\"lazy\" class=\"size-full wp-image-13411\" src=\"http:\/\/www.mx-bretagne.com\/mxb\/wp-content\/uploads\/2016\/03\/mathys_valk2.jpg\" alt=\"Mathys Boisram\u00e9 (au centre) entour\u00e9 de Pascal Finot et son co\u00e9quipier chez Yamaha Tip Top, Milko Potisek. Photo Mediacross\" width=\"800\" height=\"533\" srcset=\"https:\/\/mx-bretagne.com\/mxb\/wp-content\/uploads\/2016\/03\/mathys_valk2.jpg 800w, https:\/\/mx-bretagne.com\/mxb\/wp-content\/uploads\/2016\/03\/mathys_valk2-555x370.jpg 555w\" sizes=\"(max-width: 800px) 100vw, 800px\" \/><p id=\"caption-attachment-13411\" class=\"wp-caption-text\">Mathys Boisram\u00e9 (au centre) entour\u00e9 de Pascal Finot et son co\u00e9quipier chez Yamaha Tip Top, Milko Potisek. Photo Mediacross<\/p><\/div>\n<h3 style=\"text-align: justify;\">Mathys Boisram\u00e9 est \u00e0\u00a0Valkenswaard, en Hollande, ce week-end pour l&rsquo;ouverture du Championnat d&rsquo;Europe de Motocross. Une semaine apr\u00e8s s&rsquo;\u00eatre offert son premier <a href=\"http:\/\/www.mx-bretagne.com\/mxb\/elite-mx2-st-thibery-magique-mathys\" target=\"_blank\">succ\u00e8s en Championnat de France Elite<\/a>, le jeune Breton esp\u00e8re r\u00e9alis\u00e9 \u00e9galement de bonnes choses dans le sable noir hollandais face aux 117 autres pilotes engag\u00e9s dans la cat\u00e9gorie.<\/h3>\n<p><!--more--><\/p>\n<div id=\"attachment_13412\" style=\"width: 970px\" class=\"wp-caption aligncenter\"><img aria-describedby=\"caption-attachment-13412\" decoding=\"async\" loading=\"lazy\" class=\"size-full wp-image-13412\" src=\"http:\/\/www.mx-bretagne.com\/mxb\/wp-content\/uploads\/2016\/03\/mathys_valk.jpg\" alt=\"Les Yamaha Tip Top 172 sont pr\u00eates !\" width=\"960\" height=\"540\" srcset=\"https:\/\/mx-bretagne.com\/mxb\/wp-content\/uploads\/2016\/03\/mathys_valk.jpg 960w, https:\/\/mx-bretagne.com\/mxb\/wp-content\/uploads\/2016\/03\/mathys_valk-650x366.jpg 650w\" sizes=\"(max-width: 960px) 100vw, 960px\" \/><p id=\"caption-attachment-13412\" class=\"wp-caption-text\">Les Yamaha Tip Top 172 sont pr\u00eates !<\/p><\/div>\n<h3>Pour suivre les r\u00e9sultats<\/h3>\n<p><a href=\"http:\/\/www.mxgp.com\/live-timing\" target=\"_blank\">LIVE TIMING<\/a><br \/>\n<a href=\"http:\/\/results.mxgp.com\/mxgp\/standings.aspx\" target=\"_blank\">RESULTATS COMPLETS<\/a><\/p>\n<p>Horaires des manches EMX2<\/p>\n<h3>Dimanche 27 mars<\/h3>\n<p>07:45 \u2013 EMX 250 Group 1 Chronos<br \/>\n08:20 \u2013 EMX 250 Group 2 Chronos<br \/>\n09:00 \u2013 EMX 250 Group 3 Chronos<\/p>\n<p style=\"padding-left: 30px;\"><span style=\"font-size: 10pt;\">Si non qualifi\u00e9<\/span><\/p>\n<p style=\"padding-left: 30px;\"><span style=\"font-size: 10pt;\">11:40 \u2013 EMX 250 Last Chance 1<\/span><br \/>\n<span style=\"font-size: 10pt;\">12:20 \u2013 EMX 250 Last Chance 2<\/span><\/p>\n<p>17:40 \u2013 EMX 250 Manche\u00a01<\/p>\n<h3>Lundi 28 Mars<\/h3>\n<p>11:25 \u2013 EMX 250 Race 2<\/p>\n","protected":false},"excerpt":{"rendered":"<p> Mathys Boisram\u00e9 (au centre) entour\u00e9 de Pascal Finot et son co\u00e9quipier chez Yamaha Tip Top, Milko Potisek. Photo Mediacross<\/p>\n","protected":false},"author":1,"featured_media":13411,"comment_status":"closed","ping_status":"closed","sticky":false,"template":"","format":"standard","meta":[],"categories":[4],"tags":[1841,535],"aioseo_notices":[],"_links":{"self":[{"href":"https:\/\/mx-bretagne.com\/mxb\/wp-json\/wp\/v2\/posts\/13410"}],"collection":[{"href":"https:\/\/mx-bretagne.com\/mxb\/wp-json\/wp\/v2\/posts"}],"about":[{"href":"https:\/\/mx-bretagne.com\/mxb\/wp-json\/wp\/v2\/types\/post"}],"author":[{"embeddable":true,"href":"https:\/\/mx-bretagne.com\/mxb\/wp-json\/wp\/v2\/users\/1"}],"replies":[{"embeddable":true,"href":"https:\/\/mx-bretagne.com\/mxb\/wp-json\/wp\/v2\/comments?post=13410"}],"version-history":[{"count":1,"href":"https:\/\/mx-bretagne.com\/mxb\/wp-json\/wp\/v2\/posts\/13410\/revisions"}],"predecessor-version":[{"id":13413,"href":"https:\/\/mx-bretagne.com\/mxb\/wp-json\/wp\/v2\/posts\/13410\/revisions\/13413"}],"wp:featuredmedia":[{"embeddable":true,"href":"https:\/\/mx-bretagne.com\/mxb\/wp-json\/wp\/v2\/media\/13411"}],"wp:attachment":[{"href":"https:\/\/mx-bretagne.com\/mxb\/wp-json\/wp\/v2\/media?parent=13410"}],"wp:term":[{"taxonomy":"category","embeddable":true,"href":"https:\/\/mx-bretagne.com\/mxb\/wp-json\/wp\/v2\/categories?post=13410"},{"taxonomy":"post_tag","embeddable":true,"href":"https:\/\/mx-bretagne.com\/mxb\/wp-json\/wp\/v2\/tags?post=13410"}],"curies":[{"name":"wp","href":"https:\/\/api.w.org\/{rel}","templated":true}]}}