{"id":13000,"date":"2016-02-18T21:42:51","date_gmt":"2016-02-18T20:42:51","guid":{"rendered":"http:\/\/www.mx-bretagne.com\/mxb\/?p=13000"},"modified":"2016-02-18T21:42:51","modified_gmt":"2016-02-18T20:42:51","slug":"sx-lille-2016-la-billetterie-ouverte","status":"publish","type":"post","link":"https:\/\/mx-bretagne.com\/mxb\/sx-lille-2016-la-billetterie-ouverte","title":{"rendered":"SX Lille 2016: la billetterie ouverte"},"content":{"rendered":"<h3 style=\"text-align: justify;\"><img decoding=\"async\" loading=\"lazy\" class=\"size-full wp-image-13001 aligncenter\" src=\"http:\/\/www.mx-bretagne.com\/mxb\/wp-content\/uploads\/2016\/02\/bercy2016.jpg\" alt=\"bercy2016\" width=\"460\" height=\"305\" \/><\/h3>\n<h3 style=\"text-align: justify;\">Les billets pour la prochaine \u00e9dition sont d\u00e9sormais ouverts \u00e0 la vente!<\/h3>\n<p style=\"text-align: justify;\"><!--more--><\/p>\n<p style=\"text-align: justify;\">Le stade Pierre Mauroy de Villeneuve d\u2019Ascq accueillera pour la troisi\u00e8me ann\u00e9e la grande classique du Supercross international dont les d\u00e9buts en bord de Seine, \u00e0 Bercy, remontent \u00e0 1984. Les samedi 12 et dimanche 13 novembre prochains, c\u2019est une nouvelle fois \u00e0 Lille qu\u2019il faudra \u00eatre\u00a0!<\/p>\n<p style=\"text-align: justify;\">\n<p style=\"text-align: justify;\"><a href=\"http:\/\/amcf.trium.fr\/index.php\/27\/manifestation\/11266\" target=\"_blank\">POUR RESERVER VOTRE BILLET, CLIQUEZ ICI<\/a><\/p>\n<p style=\"text-align: justify;\">\n<h3 style=\"text-align: justify;\">INFOS BILLETTERIE<\/h3>\n<p style=\"text-align: justify;\">\n<p style=\"text-align: justify;\"><strong>GOLD PASS\u00a0: 176\u20ac<\/strong><br \/>\n&#8211; Tribune centrale niveau 1, niveau offrant la meilleure vue d\u2019ensemble de la piste<\/p>\n<p style=\"text-align: justify;\">&#8211; Unique billet \u00e0 donner acc\u00e8s au paddock int\u00e9rieur d\u00e8s 10h00 le matin<\/p>\n<p style=\"text-align: justify;\">&#8211; Visite comment\u00e9e de la piste<\/p>\n<p style=\"text-align: justify;\">\n<p style=\"text-align: justify;\"><strong>Cat\u00e9gorie SILVER\u00a0: 99\u20ac<\/strong><br \/>\n&#8211; Tribune niveau 1, niveau offrant la meilleure vue d\u2019ensemble de la piste.<\/p>\n<p style=\"text-align: justify;\">&#8211; Acc\u00e8s direct \u00e0 un bar int\u00e9rieur (consommations payantes &#8211; acc\u00e8s possible 1h avant le d\u00e9but du show et pendant le show)<\/p>\n<p style=\"text-align: justify;\">\n<p style=\"text-align: justify;\"><strong>CATEGORIE\u00a01\u00a0: 89,50\u20ac<\/strong><br \/>\n<strong>CATEGORIE 2\u00a0: 80,50\u20ac<\/strong><br \/>\n<strong>CATEGORIE 3\u00a0: 70,50\u20ac<\/strong><br \/>\n<strong>CATEGORIE 4 : 50,50\u20ac<\/strong>\n<\/p>\n<p style=\"text-align: justify;\">Toutes les places sont assises et num\u00e9rot\u00e9es. Le Village ext\u00e9rieur sera ouvert \u00e0 toute personne munie d\u2019un billet, offrant notamment rencontres et s\u00e9ances d\u2019autographes avec les pilotes. Les essais seront \u00e9galement ouverts \u00e0 tous, en placement libre au Niveau 0. La salle ouvrira ensuite ses portes \u00e0 17h30 le samedi et 13h30 le dimanche.\n<\/p>\n<p style=\"text-align: justify;\">\n<p style=\"text-align: justify;\"><a href=\"http:\/\/amcf.trium.fr\/index.php\/27\/manifestation\/11266\" target=\"_blank\">POUR RESERVER VOTRE BILLET, CLIQUEZ ICI<\/a><\/p>\n<p style=\"text-align: justify;\">\n<h3 style=\"text-align: justify;\">RENSEIGNEMENTS<\/h3>\n<p style=\"text-align: justify;\">Larivi\u00e8re Organisation: organisation@editions-lariviere.fr \/ +33(0)1 41 40 31 28<\/p>\n<p style=\"text-align: justify;\">Infos et r\u00e9sa: <a href=\"http:\/\/www.supercrossbercy.com\" target=\"_blank\">www.supercrossbercy.com<\/a><\/p>\n<p style=\"text-align: justify;\">Facebook: Supercross Paris-Bercy Official page<\/p>\n<p style=\"text-align: justify;\">Twiter &amp; Instagram: @supercrossbercy<\/p>\n","protected":false},"excerpt":{"rendered":"<p><\/p>\n","protected":false},"author":1,"featured_media":13001,"comment_status":"open","ping_status":"open","sticky":false,"template":"","format":"standard","meta":[],"categories":[1956],"tags":[624,1878,84],"aioseo_notices":[],"_links":{"self":[{"href":"https:\/\/mx-bretagne.com\/mxb\/wp-json\/wp\/v2\/posts\/13000"}],"collection":[{"href":"https:\/\/mx-bretagne.com\/mxb\/wp-json\/wp\/v2\/posts"}],"about":[{"href":"https:\/\/mx-bretagne.com\/mxb\/wp-json\/wp\/v2\/types\/post"}],"author":[{"embeddable":true,"href":"https:\/\/mx-bretagne.com\/mxb\/wp-json\/wp\/v2\/users\/1"}],"replies":[{"embeddable":true,"href":"https:\/\/mx-bretagne.com\/mxb\/wp-json\/wp\/v2\/comments?post=13000"}],"version-history":[{"count":1,"href":"https:\/\/mx-bretagne.com\/mxb\/wp-json\/wp\/v2\/posts\/13000\/revisions"}],"predecessor-version":[{"id":13002,"href":"https:\/\/mx-bretagne.com\/mxb\/wp-json\/wp\/v2\/posts\/13000\/revisions\/13002"}],"wp:featuredmedia":[{"embeddable":true,"href":"https:\/\/mx-bretagne.com\/mxb\/wp-json\/wp\/v2\/media\/13001"}],"wp:attachment":[{"href":"https:\/\/mx-bretagne.com\/mxb\/wp-json\/wp\/v2\/media?parent=13000"}],"wp:term":[{"taxonomy":"category","embeddable":true,"href":"https:\/\/mx-bretagne.com\/mxb\/wp-json\/wp\/v2\/categories?post=13000"},{"taxonomy":"post_tag","embeddable":true,"href":"https:\/\/mx-bretagne.com\/mxb\/wp-json\/wp\/v2\/tags?post=13000"}],"curies":[{"name":"wp","href":"https:\/\/api.w.org\/{rel}","templated":true}]}}