{"id":12996,"date":"2016-02-18T12:48:34","date_gmt":"2016-02-18T11:48:34","guid":{"rendered":"http:\/\/www.mx-bretagne.com\/mxb\/?p=12996"},"modified":"2016-02-18T12:56:32","modified_gmt":"2016-02-18T11:56:32","slug":"christophe-charlier-je-pars-avec-une-confiance-enorme","status":"publish","type":"post","link":"https:\/\/mx-bretagne.com\/mxb\/christophe-charlier-je-pars-avec-une-confiance-enorme","title":{"rendered":"Christophe Charlier : \u00ab\u00a0Je pars avec une confiance \u00e9norme\u00a0\u00bb"},"content":{"rendered":"<p><a href=\"http:\/\/www.corsematin.com\/article\/article\/je-pars-avec-une-confiance-enorme.1964456.html\"><img decoding=\"async\" class=\" size-full aligncenter\" src=\"http:\/\/www.mx-bretagne.com\/mxb\/wp-content\/uploads\/2016\/02\/20160218_25_3_1_0_0_obj11060945_1.jpg\" alt=\"\" \/><\/a><\/p>\n<blockquote><p>A 24 ans, Christophe Charlier veut passer la vitesse sup\u00e9rieure pour sa deuxi\u00e8me ann\u00e9e en 450 parmi l&rsquo;\u00e9lite du mondial de motocross.<\/p><\/blockquote>\n<p>Source\u00a0: <em><a href=\"http:\/\/www.corsematin.com\/article\/article\/je-pars-avec-une-confiance-enorme.1964456.html\">Christophe Charlier : \u00ab\u00a0Je pars avec une confiance \u00e9norme\u00a0\u00bb<\/a><\/em><\/p>\n","protected":false},"excerpt":{"rendered":"<p><\/p>\n","protected":false},"author":1,"featured_media":12997,"comment_status":"open","ping_status":"open","sticky":false,"template":"","format":"standard","meta":[],"categories":[1956],"tags":[],"aioseo_notices":[],"_links":{"self":[{"href":"https:\/\/mx-bretagne.com\/mxb\/wp-json\/wp\/v2\/posts\/12996"}],"collection":[{"href":"https:\/\/mx-bretagne.com\/mxb\/wp-json\/wp\/v2\/posts"}],"about":[{"href":"https:\/\/mx-bretagne.com\/mxb\/wp-json\/wp\/v2\/types\/post"}],"author":[{"embeddable":true,"href":"https:\/\/mx-bretagne.com\/mxb\/wp-json\/wp\/v2\/users\/1"}],"replies":[{"embeddable":true,"href":"https:\/\/mx-bretagne.com\/mxb\/wp-json\/wp\/v2\/comments?post=12996"}],"version-history":[{"count":2,"href":"https:\/\/mx-bretagne.com\/mxb\/wp-json\/wp\/v2\/posts\/12996\/revisions"}],"predecessor-version":[{"id":12999,"href":"https:\/\/mx-bretagne.com\/mxb\/wp-json\/wp\/v2\/posts\/12996\/revisions\/12999"}],"wp:featuredmedia":[{"embeddable":true,"href":"https:\/\/mx-bretagne.com\/mxb\/wp-json\/wp\/v2\/media\/12997"}],"wp:attachment":[{"href":"https:\/\/mx-bretagne.com\/mxb\/wp-json\/wp\/v2\/media?parent=12996"}],"wp:term":[{"taxonomy":"category","embeddable":true,"href":"https:\/\/mx-bretagne.com\/mxb\/wp-json\/wp\/v2\/categories?post=12996"},{"taxonomy":"post_tag","embeddable":true,"href":"https:\/\/mx-bretagne.com\/mxb\/wp-json\/wp\/v2\/tags?post=12996"}],"curies":[{"name":"wp","href":"https:\/\/api.w.org\/{rel}","templated":true}]}}