{"id":12653,"date":"2016-01-22T23:24:57","date_gmt":"2016-01-22T22:24:57","guid":{"rendered":"http:\/\/www.mx-bretagne.com\/mxb\/?p=12653"},"modified":"2016-01-22T23:29:14","modified_gmt":"2016-01-22T22:29:14","slug":"j-bogle-out-pour-anaheim-2-station-mx","status":"publish","type":"post","link":"https:\/\/mx-bretagne.com\/mxb\/j-bogle-out-pour-anaheim-2-station-mx","title":{"rendered":"\u00a0J.Bogle Out pour Anaheim 2 &#8211;\u00a0Station MX"},"content":{"rendered":"<h3 style=\"text-align: justify;\">Justin Bogle va manquer la course d&rsquo;Anaheim 2 et peut-\u00eatre plus suite \u00e0 sa chute dans la Main Event de San Diego, ainsi qu&rsquo;une blessure persistante au pied subit avant la saison. Dans sa chute \u00e0 San Diego Justin Bogle s&rsquo;est cogn\u00e9 la t\u00eate, mais \u00e0 priori il n&rsquo;aurait pas de commotion c\u00e9r\u00e9brale. Il a lutt\u00e9 avec sa blessure au pied lors des deux premi\u00e8res \u00e9preuves.<\/h3>\n<p><a href=\"http:\/\/www.station-mx.com\/index.php\/20-infos\/520-info-j-bogle-out-pour-anaheim-2\"><img decoding=\"async\" class=\" size-full aligncenter\" src=\"http:\/\/www.station-mx.com\/images\/site\/articles\/2016\/info\/justinbogle1.png\" alt=\"\" \/><\/a><\/p>\n<p>Source\u00a0: <em><a href=\"http:\/\/www.station-mx.com\/index.php\/20-infos\/520-info-j-bogle-out-pour-anaheim-2\">Station MX &#8211; Actualit\u00e9s du Motocross &#8211; (Info) J.Bogle Out pour Anaheim 2<\/a><\/em><\/p>\n<p><!--more--><\/p>\n","protected":false},"excerpt":{"rendered":"<p>Justin Bogle va manquer la course d&rsquo;Anaheim 2 et peut-\u00eatre plus suite \u00e0 sa chute dans la Main Event de San Diego, ainsi qu&rsquo;une blessure persistante au pied subit avant la saison. Dans sa chute \u00e0 San Diego Justin Bogle s&rsquo;est cogn\u00e9 la t\u00eate, mais \u00e0 priori il n&rsquo;aurait pas de commotion c\u00e9r\u00e9brale. Il a lutt\u00e9 avec sa blessure au pied lors des deux premi\u00e8res \u00e9preuves.<\/p>\n","protected":false},"author":1,"featured_media":0,"comment_status":"open","ping_status":"open","sticky":false,"template":"","format":"standard","meta":[],"categories":[1956],"tags":[],"aioseo_notices":[],"_links":{"self":[{"href":"https:\/\/mx-bretagne.com\/mxb\/wp-json\/wp\/v2\/posts\/12653"}],"collection":[{"href":"https:\/\/mx-bretagne.com\/mxb\/wp-json\/wp\/v2\/posts"}],"about":[{"href":"https:\/\/mx-bretagne.com\/mxb\/wp-json\/wp\/v2\/types\/post"}],"author":[{"embeddable":true,"href":"https:\/\/mx-bretagne.com\/mxb\/wp-json\/wp\/v2\/users\/1"}],"replies":[{"embeddable":true,"href":"https:\/\/mx-bretagne.com\/mxb\/wp-json\/wp\/v2\/comments?post=12653"}],"version-history":[{"count":4,"href":"https:\/\/mx-bretagne.com\/mxb\/wp-json\/wp\/v2\/posts\/12653\/revisions"}],"predecessor-version":[{"id":12657,"href":"https:\/\/mx-bretagne.com\/mxb\/wp-json\/wp\/v2\/posts\/12653\/revisions\/12657"}],"wp:attachment":[{"href":"https:\/\/mx-bretagne.com\/mxb\/wp-json\/wp\/v2\/media?parent=12653"}],"wp:term":[{"taxonomy":"category","embeddable":true,"href":"https:\/\/mx-bretagne.com\/mxb\/wp-json\/wp\/v2\/categories?post=12653"},{"taxonomy":"post_tag","embeddable":true,"href":"https:\/\/mx-bretagne.com\/mxb\/wp-json\/wp\/v2\/tags?post=12653"}],"curies":[{"name":"wp","href":"https:\/\/api.w.org\/{rel}","templated":true}]}}