{"id":12271,"date":"2015-11-21T12:07:55","date_gmt":"2015-11-21T11:07:55","guid":{"rendered":"http:\/\/www.mx-bretagne.com\/mxb\/?p=12271"},"modified":"2015-11-21T12:07:55","modified_gmt":"2015-11-21T11:07:55","slug":"replay-les-finales-du-sx-de-genes-2015","status":"publish","type":"post","link":"https:\/\/mx-bretagne.com\/mxb\/replay-les-finales-du-sx-de-genes-2015","title":{"rendered":"REPLAY: Les finales du SX de G\u00eanes 2015"},"content":{"rendered":"<h3 style=\"text-align: justify;\">Revivez les trois manches principales du Supercross de G\u00eanes 2015 dans lequel on retrouve Dylan Ferrandis particuli\u00e8rement \u00e0 l&rsquo;aise tout comme Justin Brayton et Cooper Webb.<\/h3>\n<p><!--more--><\/p>\n<h2>FINALE 1 SX GENES<\/h2>\n<p>http:\/\/mpora.com\/videos\/AAe9763h9cjy#JGgjA5H74KLSIcWR.97<\/p>\n<h2>FINALE 2\u00a0SX GENES<\/h2>\n<p>http:\/\/mpora.com\/videos\/AAe98a2jpkp0#dru3DUWeo7T9tTig.97<\/p>\n<h2>SUPERFINALE\u00a0SX GENES<\/h2>\n<p>http:\/\/mpora.com\/videos\/AAe99co7gy32#luvi3a0xtUvzwfPL.97<\/p>\n","protected":false},"excerpt":{"rendered":"<p>Revivez les trois manches principales du Supercross de G\u00eanes 2015 dans lequel on retrouve Dylan Ferrandis particuli\u00e8rement \u00e0 l&rsquo;aise tout comme Justin Brayton et Cooper Webb.<\/p>\n","protected":false},"author":2,"featured_media":12273,"comment_status":"open","ping_status":"open","sticky":false,"template":"","format":"standard","meta":[],"categories":[865],"tags":[1303,1892,1893,59,1894,1633,27,41],"aioseo_notices":[],"_links":{"self":[{"href":"https:\/\/mx-bretagne.com\/mxb\/wp-json\/wp\/v2\/posts\/12271"}],"collection":[{"href":"https:\/\/mx-bretagne.com\/mxb\/wp-json\/wp\/v2\/posts"}],"about":[{"href":"https:\/\/mx-bretagne.com\/mxb\/wp-json\/wp\/v2\/types\/post"}],"author":[{"embeddable":true,"href":"https:\/\/mx-bretagne.com\/mxb\/wp-json\/wp\/v2\/users\/2"}],"replies":[{"embeddable":true,"href":"https:\/\/mx-bretagne.com\/mxb\/wp-json\/wp\/v2\/comments?post=12271"}],"version-history":[{"count":2,"href":"https:\/\/mx-bretagne.com\/mxb\/wp-json\/wp\/v2\/posts\/12271\/revisions"}],"predecessor-version":[{"id":12274,"href":"https:\/\/mx-bretagne.com\/mxb\/wp-json\/wp\/v2\/posts\/12271\/revisions\/12274"}],"wp:featuredmedia":[{"embeddable":true,"href":"https:\/\/mx-bretagne.com\/mxb\/wp-json\/wp\/v2\/media\/12273"}],"wp:attachment":[{"href":"https:\/\/mx-bretagne.com\/mxb\/wp-json\/wp\/v2\/media?parent=12271"}],"wp:term":[{"taxonomy":"category","embeddable":true,"href":"https:\/\/mx-bretagne.com\/mxb\/wp-json\/wp\/v2\/categories?post=12271"},{"taxonomy":"post_tag","embeddable":true,"href":"https:\/\/mx-bretagne.com\/mxb\/wp-json\/wp\/v2\/tags?post=12271"}],"curies":[{"name":"wp","href":"https:\/\/api.w.org\/{rel}","templated":true}]}}