{"id":12018,"date":"2015-10-23T18:16:22","date_gmt":"2015-10-23T16:16:22","guid":{"rendered":"http:\/\/www.mx-bretagne.com\/mxb\/?p=12018"},"modified":"2015-10-23T21:01:41","modified_gmt":"2015-10-23T19:01:41","slug":"mathys-boisrame-officiel-yamaha-europe-en-2016","status":"publish","type":"post","link":"https:\/\/mx-bretagne.com\/mxb\/mathys-boisrame-officiel-yamaha-europe-en-2016","title":{"rendered":"Mathys Boisram\u00e9 officiel Yamaha Europe en 2016"},"content":{"rendered":"<p><img decoding=\"async\" loading=\"lazy\" class=\"aligncenter size-full wp-image-12019\" src=\"http:\/\/www.mx-bretagne.com\/mxb\/wp-content\/uploads\/2015\/10\/mathys_tiptop.jpg\" alt=\"mathys_tiptop\" width=\"960\" height=\"540\" srcset=\"https:\/\/mx-bretagne.com\/mxb\/wp-content\/uploads\/2015\/10\/mathys_tiptop.jpg 960w, https:\/\/mx-bretagne.com\/mxb\/wp-content\/uploads\/2015\/10\/mathys_tiptop-650x366.jpg 650w\" sizes=\"(max-width: 960px) 100vw, 960px\" \/><\/p>\n<p style=\"text-align: justify;\"><span style=\"font-size: 14pt;\"><strong>Mathys Boisram\u00e9 vient d&rsquo;annoncer une bonne nouvelle concernant sa future saison 2016. Apr\u00e8s sa belle saison 2015 au guidon de la 125 YZ du Team MJC, Mathys\u00a0se retrouve au c\u00f4t\u00e9 de Milko Potisek au sein de la structure Tip Top.<\/strong><\/span><\/p>\n<p style=\"text-align: justify;\"><!--more--><\/p>\n<p style=\"text-align: justify;\">Vice Champion de\u00a0France Junior 2015, 5\u00e8me du Mondial Junior, 9\u00e8me de l&rsquo;Europe avec plusieurs bonnes manches, Mathys avait de bonnes cartes \u00e0 proposer\u00a0pour trouver une \u00e9quipe \u00e0 la hauteur de ses ambitions 2016 et son passage sur la 250 YZ-F 4 temps. Il va d\u00e9sormais pouvoir se concentrer sur son entrainement hivernal afin d&rsquo;\u00eatre pr\u00eat pour le Championnat de France Elite 2016 et l&rsquo;Europe EMX2.<\/p>\n<blockquote>\n<p style=\"text-align: justify;\">Voil\u00e0 fini le 125 Bonjour le 250.<br \/>\nJe voulais remercier St\u00e9phane et Olivier de chez Plan\u00e8te Yam \u00e0 Rennes pour leur gros coup de pouce et d avoir fait leur possible pour me fournir cette superbe 250 Yamaha s\u00e9rie limit\u00e9e 2016.<\/p>\n<p>Vous etes nombreux \u00e0 me poser la question mais tu vas o\u00f9 l ann\u00e9e prochaine, avec qui&#8230;<br \/>\nPour 2016 je serai au cot\u00e9 de Milko Potisek au sein de la structure Tip Top et je serai<span class=\"text_exposed_show\"> pilote officiel Yamaha Europe.<\/span><\/p>\n<p>Merci \u00e0 tous&#8230;<br \/>\nA bientot<\/p><\/blockquote>\n","protected":false},"excerpt":{"rendered":"<p><\/p>\n","protected":false},"author":2,"featured_media":12019,"comment_status":"open","ping_status":"open","sticky":false,"template":"","format":"standard","meta":[],"categories":[4],"tags":[1842,1841,535,1843,1840],"aioseo_notices":[],"_links":{"self":[{"href":"https:\/\/mx-bretagne.com\/mxb\/wp-json\/wp\/v2\/posts\/12018"}],"collection":[{"href":"https:\/\/mx-bretagne.com\/mxb\/wp-json\/wp\/v2\/posts"}],"about":[{"href":"https:\/\/mx-bretagne.com\/mxb\/wp-json\/wp\/v2\/types\/post"}],"author":[{"embeddable":true,"href":"https:\/\/mx-bretagne.com\/mxb\/wp-json\/wp\/v2\/users\/2"}],"replies":[{"embeddable":true,"href":"https:\/\/mx-bretagne.com\/mxb\/wp-json\/wp\/v2\/comments?post=12018"}],"version-history":[{"count":2,"href":"https:\/\/mx-bretagne.com\/mxb\/wp-json\/wp\/v2\/posts\/12018\/revisions"}],"predecessor-version":[{"id":12021,"href":"https:\/\/mx-bretagne.com\/mxb\/wp-json\/wp\/v2\/posts\/12018\/revisions\/12021"}],"wp:featuredmedia":[{"embeddable":true,"href":"https:\/\/mx-bretagne.com\/mxb\/wp-json\/wp\/v2\/media\/12019"}],"wp:attachment":[{"href":"https:\/\/mx-bretagne.com\/mxb\/wp-json\/wp\/v2\/media?parent=12018"}],"wp:term":[{"taxonomy":"category","embeddable":true,"href":"https:\/\/mx-bretagne.com\/mxb\/wp-json\/wp\/v2\/categories?post=12018"},{"taxonomy":"post_tag","embeddable":true,"href":"https:\/\/mx-bretagne.com\/mxb\/wp-json\/wp\/v2\/tags?post=12018"}],"curies":[{"name":"wp","href":"https:\/\/api.w.org\/{rel}","templated":true}]}}