{"id":11496,"date":"2015-08-12T21:30:27","date_gmt":"2015-08-12T19:30:27","guid":{"rendered":"http:\/\/www.mx-bretagne.com\/mxb\/?p=11496"},"modified":"2020-04-24T14:12:07","modified_gmt":"2020-04-24T13:12:07","slug":"video-team-france-mxdn-test-ernee-2015","status":"publish","type":"post","link":"https:\/\/mx-bretagne.com\/mxb\/video-team-france-mxdn-test-ernee-2015","title":{"rendered":"VIDEO: TEAM FRANCE MXDN TEST ERN\u00c9E 2015"},"content":{"rendered":"<div id=\"attachment_11497\" style=\"width: 897px\" class=\"wp-caption aligncenter\"><a href=\"http:\/\/www.mx-bretagne.com\/mxb\/wp-content\/uploads\/2015\/08\/Sans-titre-1.jpg\"><img aria-describedby=\"caption-attachment-11497\" decoding=\"async\" loading=\"lazy\" class=\"wp-image-11497 size-full\" src=\"http:\/\/www.mx-bretagne.com\/mxb\/wp-content\/uploads\/2015\/08\/Sans-titre-1.jpg\" alt=\"Romain FEBVRE N\u00b03 de l'\u00e9quipe fran\u00e7aise\" width=\"887\" height=\"486\" srcset=\"https:\/\/mx-bretagne.com\/mxb\/wp-content\/uploads\/2015\/08\/Sans-titre-1.jpg 887w, https:\/\/mx-bretagne.com\/mxb\/wp-content\/uploads\/2015\/08\/Sans-titre-1-650x356.jpg 650w\" sizes=\"(max-width: 887px) 100vw, 887px\" \/><\/a><p id=\"caption-attachment-11497\" class=\"wp-caption-text\">Romain FEBVRE N\u00b03 de l&rsquo;\u00e9quipe fran\u00e7aise<\/p><\/div>\n<p style=\"text-align: justify;\"><strong><span style=\"font-size: 14pt;\">Si vous ne pouviez pas \u00eatre pr\u00e9sent ce mercredi \u00e0 Ern\u00e9e, Mx Bretagne vous offre ces quelques images \u00ab\u00a0brutes\u00a0\u00bb des essais du Team France pour le prochain Motocross des Nations.\u00a0<\/span><\/strong><\/p>\n<p><!--more--><\/p>\n<h2>VIDEO MXDN TEAM FRANCE ERN\u00c9E<\/h2>\n<div class=\"arve\" data-mode=\"normal\" data-oembed=\"1\" data-provider=\"vimeo\" id=\"arve-vimeo-13612315869f02197c9802534920973\" style=\"max-width:900px;\">\n<span class=\"arve-inner\"><br \/>\n<span class=\"arve-embed arve-embed--has-aspect-ratio\" style=\"aspect-ratio: 500 \/ 281\"><br \/>\n<span class=\"arve-ar\" style=\"padding-top:56.200000%\"><\/span><iframe loading=\"lazy\" allow=\"accelerometer; autoplay; clipboard-write; encrypted-media; gyroscope; picture-in-picture\" allowfullscreen class=\"arve-iframe fitvidsignore\" data-arve=\"arve-vimeo-13612315869f02197c9802534920973\" data-src-no-ap=\"https:\/\/player.vimeo.com\/video\/136123158?h=3291e65d21&amp;dnt=1&amp;app_id=122963&amp;html5=1&amp;title=1&amp;byline=0&amp;portrait=0&amp;autoplay=0\" frameborder=\"0\" height=\"505.8\" sandbox=\"allow-scripts allow-same-origin allow-presentation allow-popups allow-popups-to-escape-sandbox allow-forms\" scrolling=\"no\" src=\"https:\/\/player.vimeo.com\/video\/136123158?h=3291e65d21&#038;dnt=1&#038;app_id=122963&#038;html5=1&#038;title=1&#038;byline=0&#038;portrait=0&#038;autoplay=0\" width=\"900\"><\/iframe><\/p>\n<p><\/span><\/p>\n<p><\/span><br \/>\n<script type=\"application\/ld+json\">{\"@context\":\"http:\\\/\\\/schema.org\\\/\",\"@id\":\"https:\\\/\\\/mx-bretagne.com\\\/mxb\\\/video-team-france-mxdn-test-ernee-2015#arve-vimeo-13612315869f02197c9802534920973\",\"type\":\"VideoObject\",\"embedURL\":\"https:\\\/\\\/player.vimeo.com\\\/video\\\/136123158?h=3291e65d21&dnt=1&app_id=122963&html5=1&title=1&byline=0&portrait=0&autoplay=0\"}<\/script>\n<\/div>\n","protected":false},"excerpt":{"rendered":"<p> Romain FEBVRE N\u00b03 de l&rsquo;\u00e9quipe fran\u00e7aise<\/p>\n","protected":false},"author":2,"featured_media":11497,"comment_status":"closed","ping_status":"closed","sticky":false,"template":"","format":"standard","meta":[],"categories":[23,2301],"tags":[321,1093,593,642,1784,916,41],"aioseo_notices":[],"_links":{"self":[{"href":"https:\/\/mx-bretagne.com\/mxb\/wp-json\/wp\/v2\/posts\/11496"}],"collection":[{"href":"https:\/\/mx-bretagne.com\/mxb\/wp-json\/wp\/v2\/posts"}],"about":[{"href":"https:\/\/mx-bretagne.com\/mxb\/wp-json\/wp\/v2\/types\/post"}],"author":[{"embeddable":true,"href":"https:\/\/mx-bretagne.com\/mxb\/wp-json\/wp\/v2\/users\/2"}],"replies":[{"embeddable":true,"href":"https:\/\/mx-bretagne.com\/mxb\/wp-json\/wp\/v2\/comments?post=11496"}],"version-history":[{"count":2,"href":"https:\/\/mx-bretagne.com\/mxb\/wp-json\/wp\/v2\/posts\/11496\/revisions"}],"predecessor-version":[{"id":18332,"href":"https:\/\/mx-bretagne.com\/mxb\/wp-json\/wp\/v2\/posts\/11496\/revisions\/18332"}],"wp:featuredmedia":[{"embeddable":true,"href":"https:\/\/mx-bretagne.com\/mxb\/wp-json\/wp\/v2\/media\/11497"}],"wp:attachment":[{"href":"https:\/\/mx-bretagne.com\/mxb\/wp-json\/wp\/v2\/media?parent=11496"}],"wp:term":[{"taxonomy":"category","embeddable":true,"href":"https:\/\/mx-bretagne.com\/mxb\/wp-json\/wp\/v2\/categories?post=11496"},{"taxonomy":"post_tag","embeddable":true,"href":"https:\/\/mx-bretagne.com\/mxb\/wp-json\/wp\/v2\/tags?post=11496"}],"curies":[{"name":"wp","href":"https:\/\/api.w.org\/{rel}","templated":true}]}}