{"id":11278,"date":"2015-06-28T13:42:59","date_gmt":"2015-06-28T11:42:59","guid":{"rendered":"http:\/\/www.mx-bretagne.com\/mxb\/?p=11278"},"modified":"2015-06-28T13:42:59","modified_gmt":"2015-06-28T11:42:59","slug":"moto-du-jour-250-yz-cody-gragg","status":"publish","type":"post","link":"https:\/\/mx-bretagne.com\/mxb\/moto-du-jour-250-yz-cody-gragg","title":{"rendered":"MOTO DU JOUR: 250 YZ \u00ab\u00a0Cody Gragg\u00a0\u00bb"},"content":{"rendered":"<p><a href=\"http:\/\/www.mx-bretagne.com\/mxb\/wp-content\/uploads\/2015\/06\/250yzcody.jpg\"><img decoding=\"async\" loading=\"lazy\" class=\"aligncenter size-full wp-image-11280\" src=\"http:\/\/www.mx-bretagne.com\/mxb\/wp-content\/uploads\/2015\/06\/250yzcody.jpg\" alt=\"250yzcody\" width=\"833\" height=\"603\" srcset=\"https:\/\/mx-bretagne.com\/mxb\/wp-content\/uploads\/2015\/06\/250yzcody.jpg 833w, https:\/\/mx-bretagne.com\/mxb\/wp-content\/uploads\/2015\/06\/250yzcody-511x370.jpg 511w\" sizes=\"(max-width: 833px) 100vw, 833px\" \/><\/a><\/p>\n<p style=\"text-align: justify;\"><span style=\"font-size: 14pt;\"><strong>Cody Gragg roulait \u00e0 Budds Creek pour l&rsquo;Outdoor avec cette 250 YZ. Qualifi\u00e9 avec le 24\u00e8me temps, il termine 22\u00e8me et 13\u00e8me des manches malgr\u00e9 la boue.<\/strong><\/span><\/p>\n<p><!--more--><\/p>\n<p><a href=\"http:\/\/www.mx-bretagne.com\/mxb\/wp-content\/uploads\/2015\/06\/250yzcody2.jpg\"><img decoding=\"async\" loading=\"lazy\" class=\"aligncenter size-full wp-image-11279\" src=\"http:\/\/www.mx-bretagne.com\/mxb\/wp-content\/uploads\/2015\/06\/250yzcody2.jpg\" alt=\"250yzcody2\" width=\"950\" height=\"632\" srcset=\"https:\/\/mx-bretagne.com\/mxb\/wp-content\/uploads\/2015\/06\/250yzcody2.jpg 950w, https:\/\/mx-bretagne.com\/mxb\/wp-content\/uploads\/2015\/06\/250yzcody2-556x370.jpg 556w\" sizes=\"(max-width: 950px) 100vw, 950px\" \/><\/a><\/p>\n<p>&nbsp;<\/p>\n<p style=\"text-align: justify;\">Pour info,\u00a0Gared STEINKE, termine 30\u00e8me du g\u00e9n\u00e9ral en 250 F avec sa 125 YZ et\u00a0Travis MARSH \u00e9galement 30\u00e8me en 450 F avec sa 250 KTM.<\/p>\n","protected":false},"excerpt":{"rendered":"<p><\/p>\n","protected":false},"author":2,"featured_media":11279,"comment_status":"open","ping_status":"open","sticky":false,"template":"","format":"standard","meta":[],"categories":[1642],"tags":[1777,1778,1523,119],"aioseo_notices":[],"_links":{"self":[{"href":"https:\/\/mx-bretagne.com\/mxb\/wp-json\/wp\/v2\/posts\/11278"}],"collection":[{"href":"https:\/\/mx-bretagne.com\/mxb\/wp-json\/wp\/v2\/posts"}],"about":[{"href":"https:\/\/mx-bretagne.com\/mxb\/wp-json\/wp\/v2\/types\/post"}],"author":[{"embeddable":true,"href":"https:\/\/mx-bretagne.com\/mxb\/wp-json\/wp\/v2\/users\/2"}],"replies":[{"embeddable":true,"href":"https:\/\/mx-bretagne.com\/mxb\/wp-json\/wp\/v2\/comments?post=11278"}],"version-history":[{"count":1,"href":"https:\/\/mx-bretagne.com\/mxb\/wp-json\/wp\/v2\/posts\/11278\/revisions"}],"predecessor-version":[{"id":11281,"href":"https:\/\/mx-bretagne.com\/mxb\/wp-json\/wp\/v2\/posts\/11278\/revisions\/11281"}],"wp:featuredmedia":[{"embeddable":true,"href":"https:\/\/mx-bretagne.com\/mxb\/wp-json\/wp\/v2\/media\/11279"}],"wp:attachment":[{"href":"https:\/\/mx-bretagne.com\/mxb\/wp-json\/wp\/v2\/media?parent=11278"}],"wp:term":[{"taxonomy":"category","embeddable":true,"href":"https:\/\/mx-bretagne.com\/mxb\/wp-json\/wp\/v2\/categories?post=11278"},{"taxonomy":"post_tag","embeddable":true,"href":"https:\/\/mx-bretagne.com\/mxb\/wp-json\/wp\/v2\/tags?post=11278"}],"curies":[{"name":"wp","href":"https:\/\/api.w.org\/{rel}","templated":true}]}}