{"id":11194,"date":"2015-06-01T22:03:56","date_gmt":"2015-06-01T20:03:56","guid":{"rendered":"http:\/\/www.mx-bretagne.com\/mxb\/?p=11194"},"modified":"2015-06-01T22:06:51","modified_gmt":"2015-06-01T20:06:51","slug":"classements-les-provisoires-ffm-et-ufolep","status":"publish","type":"post","link":"https:\/\/mx-bretagne.com\/mxb\/classements-les-provisoires-ffm-et-ufolep","title":{"rendered":"CLASSEMENTS: Les provisoires FFM et UFOLEP"},"content":{"rendered":"<div id=\"attachment_11195\" style=\"width: 1460px\" class=\"wp-caption aligncenter\"><a href=\"http:\/\/www.mx-bretagne.com\/mxb\/wp-content\/uploads\/2015\/06\/adam_provisoire.jpg\"><img aria-describedby=\"caption-attachment-11195\" decoding=\"async\" loading=\"lazy\" class=\"size-full wp-image-11195\" src=\"http:\/\/www.mx-bretagne.com\/mxb\/wp-content\/uploads\/2015\/06\/adam_provisoire.jpg\" alt=\"David Adam m\u00e8ne la cat\u00e9gorie reine du Championnat de Bretagne. Photo Jean-Jacques Le Vergos\" width=\"1450\" height=\"878\" srcset=\"https:\/\/mx-bretagne.com\/mxb\/wp-content\/uploads\/2015\/06\/adam_provisoire.jpg 1450w, https:\/\/mx-bretagne.com\/mxb\/wp-content\/uploads\/2015\/06\/adam_provisoire-611x370.jpg 611w, https:\/\/mx-bretagne.com\/mxb\/wp-content\/uploads\/2015\/06\/adam_provisoire-1280x775.jpg 1280w\" sizes=\"(max-width: 1450px) 100vw, 1450px\" \/><\/a><p id=\"caption-attachment-11195\" class=\"wp-caption-text\">David Adam m\u00e8ne la cat\u00e9gorie reine du Championnat de Bretagne. Photo Jean-Jacques Le Vergos<\/p><\/div>\n<p style=\"text-align: justify;\"><span style=\"font-size: 14pt;\"><strong>Le points sur les classements provisoire FFM et UFOLEP \u00e0 l&rsquo;entame du mois de juin.<\/strong><\/span><\/p>\n<p><!--more--><\/p>\n<p>&nbsp;<\/p>\n<p><span style=\"font-size: 18pt; color: #3366ff;\"><strong>FFM<\/strong><\/span><\/p>\n<p><strong>MX1 (Apr\u00e8s Ploun\u00e9rin)<\/strong><br \/>\nDavid Adam m\u00e8ne avec 90 points d\u2019avance sur Guillaume Fouillet. Trente-deux points derri\u00e8re S\u00e9bastien Rab\u00e9 devance de seulement 4 unit\u00e9s Valentin Thac\u00e9, 4\u00e8me. Cinqui\u00e8me Tanguy Egler compte 39 points de retard sur Valentin.<br \/>\nJason Clermont pointe \u00e0 la 11\u00e8me place alors que Maxime Emery est lui 13\u00e8me.<\/p>\n<p>1 77 ADAM DAVID \u00a0432<br \/>\n2 31 FOUILLET GUILLAUME \u00a0342<br \/>\n3 149 RABE SEBASTIEN \u00a0310<br \/>\n4 165 THACE VALENTIN 306<br \/>\n5 3 EGLER TANGUY \u00a0267<\/p>\n<p><strong>Crit\u00e9rium Open<\/strong><br \/>\nYann Leguillozic devance Nicolas Ori\u00e9roux 40 points les s\u00e9parent. Deux points derri\u00e8re Nicolas Alexandre Miguel De Oliveira Feiteira est troisi\u00e8me et tout est possible pour lui.<\/p>\n<p>1 45 LEGUILLOZIC YANN 349<br \/>\n2 79 ORIEROUX NICOLAS \u00a0309<br \/>\n3 981 DE OLIVEIRA FEITEIRA ALEXANDRE MIGUEL 307<br \/>\n4 93 REGENT JULIEN 210<br \/>\n5 61 LE ROUX ADRIEN PLOGONNEC \u00a0130<\/p>\n<hr \/>\n<p><strong>MX2 (Apr\u00e8s Martign\u00e9 Ferchaud)<\/strong><br \/>\nTh\u00e9o Roptin domine le championnat avec 100 points d\u2019avance sur Alexandre Lefran\u00e7ois. 38 points plus loin R\u00e9my Mordret pointe 3\u00e8me. Romain Pape qui n\u2019a pas roul\u00e9 \u00e0 Martign\u00e9 Ferchaud se retrouve 4\u00e8me 20 points derri\u00e8re. Fran\u00e7ois Dor\u00e9 compl\u00e8te le top 5 avec 275 points soit 4 points de moins que Romain Pape. Le champion en titre, Julien Cabioch est 7\u00e8me.<\/p>\n<p>1 362 ROPTIN THEO \u00a0437<br \/>\n2 410 LEFRANCOIS ALEXANDRE \u00a0337<br \/>\n3 4 MORDRET REMY \u00a0299<br \/>\n4 494 PAPE ROMAIN \u00a0279<br \/>\n5 516 DORE FRANCOIS \u00a0275<\/p>\n<p><strong>Crit\u00e9rium MX2<\/strong><br \/>\nYoann Bechennec m\u00e8ne le championnat avec 54 points d\u2019avance sur Yann Guillou deuxi\u00e8me ex \u00e6quo avec Guillaume Josse.<\/p>\n<p>1 348 BECHENNEC YOANN \u00a0267<br \/>\n2 74 GUILLOU YANN \u00a0238<br \/>\n3 874 JOSSE GUILLAUME 229<br \/>\n4 16 LAUNAY SEBASTIEN \u00a0193<br \/>\n5 500 FERRON ADRIEN 191<\/p>\n<p><strong>125 Cadets (Apr\u00e8s Martign\u00e9 Ferchaud)<\/strong><br \/>\nGautier Diascorn poss\u00e8de 27 points de plus que son dauphin Dorian Werle. Dorian est lui sous la menace de Valentin Guehl avec seulement deux unit\u00e9s suppl\u00e9mentaires.<\/p>\n<p>1 6 DIASCORN GAUTHIER \u00a0354<br \/>\n2 320 WERLE DORIAN \u00a0327<br \/>\n3 294 GUEHL VALENTIN \u00a0325<br \/>\n4 430 OSUNA BASTIEN \u00a099<br \/>\n5 88 JACKSON ELLIOT \u00a086<\/p>\n<p><strong>125 Junior (Apr\u00e8s Martign\u00e9 Ferchaud)<\/strong><br \/>\nGwendal Th\u00e9tiot est en t\u00eate 72 point devant Louis Tr\u00e9lluyer qui lui-m\u00eame \u00e0 67 points de plus que T\u00e9o Zom\u00e9ro 3\u00e8me.<\/p>\n<p>1 566 THETIOT GWENDAL \u00a0387<br \/>\n2 926 TRELLUYER LOUIS \u00a0315<br \/>\n3 224 ZOMERO TEO \u00a0248<br \/>\n4 720 GOUPILLON PIERRE \u00a0210<br \/>\n5 98 LE QUERE LEO \u00a0207<\/p>\n<hr \/>\n<p>&nbsp;<\/p>\n<p><span style=\"font-size: 18pt; color: #3366ff;\"><strong>UFOLEP<\/strong><\/span><\/p>\n<p>Seul la ligue Aliz\u00e9e a d\u00e9but\u00e9 en UFOLEP avec l\u2019\u00e9preuve de Mernel doit voici les classements\u00a0:<br \/>\n<strong>85<\/strong><br \/>\n1 999 GASCOGNE LUCAS UFOLEP 2 1 0 75<br \/>\n2 61 EVEN JEREMY CONCORET 3 2 0 67<br \/>\n3 95 LEMEE Dorian<\/p>\n<p><strong>MCA 125<\/strong><br \/>\n1 686 GAUTHIER CEDRIC LA MOTTE 2 1 0 315<br \/>\n2 400 BIARD ANTONY MINIAC 1 3 0 312<br \/>\n3 620 PESTEL VINCENT MINIAC 4 2 0\u00a0304<\/p>\n<p><strong>MCA 250<\/strong><br \/>\n1 661 Grassin Franck LA MOTTE 1 1 0 320<br \/>\n2 75 BOUTIER MATTHIEU A-NEUVILLE 2 2 0 310<br \/>\n3 923 PESTEL FREDERIK MINIAC 3 3 0\u00a0304<\/p>\n<p><strong>Prestiges<\/strong><br \/>\n1 803 CHESNOT YANNICK MINIAC 1 1 1 120<br \/>\n2 541 REPESSE SEBASTIEN A-NEUVILLE 3 3 3 96<br \/>\n3 44 BEAULIEU PASCAL MINIAC 7 2 2 90<\/p>\n<p>En attendant l\u2019ouverture de la ligue Oc\u00e9ane ce week-end \u00e0 Goven. (Le 7 juin 2015)<\/p>\n","protected":false},"excerpt":{"rendered":"<p> David Adam m\u00e8ne la cat\u00e9gorie reine du Championnat de Bretagne. Photo Jean-Jacques Le Vergos<\/p>\n","protected":false},"author":5,"featured_media":11195,"comment_status":"open","ping_status":"open","sticky":false,"template":"","format":"standard","meta":[],"categories":[7,8],"tags":[39,97,26],"aioseo_notices":[],"_links":{"self":[{"href":"https:\/\/mx-bretagne.com\/mxb\/wp-json\/wp\/v2\/posts\/11194"}],"collection":[{"href":"https:\/\/mx-bretagne.com\/mxb\/wp-json\/wp\/v2\/posts"}],"about":[{"href":"https:\/\/mx-bretagne.com\/mxb\/wp-json\/wp\/v2\/types\/post"}],"author":[{"embeddable":true,"href":"https:\/\/mx-bretagne.com\/mxb\/wp-json\/wp\/v2\/users\/5"}],"replies":[{"embeddable":true,"href":"https:\/\/mx-bretagne.com\/mxb\/wp-json\/wp\/v2\/comments?post=11194"}],"version-history":[{"count":2,"href":"https:\/\/mx-bretagne.com\/mxb\/wp-json\/wp\/v2\/posts\/11194\/revisions"}],"predecessor-version":[{"id":11197,"href":"https:\/\/mx-bretagne.com\/mxb\/wp-json\/wp\/v2\/posts\/11194\/revisions\/11197"}],"wp:featuredmedia":[{"embeddable":true,"href":"https:\/\/mx-bretagne.com\/mxb\/wp-json\/wp\/v2\/media\/11195"}],"wp:attachment":[{"href":"https:\/\/mx-bretagne.com\/mxb\/wp-json\/wp\/v2\/media?parent=11194"}],"wp:term":[{"taxonomy":"category","embeddable":true,"href":"https:\/\/mx-bretagne.com\/mxb\/wp-json\/wp\/v2\/categories?post=11194"},{"taxonomy":"post_tag","embeddable":true,"href":"https:\/\/mx-bretagne.com\/mxb\/wp-json\/wp\/v2\/tags?post=11194"}],"curies":[{"name":"wp","href":"https:\/\/api.w.org\/{rel}","templated":true}]}}