{"id":10950,"date":"2015-04-27T21:50:01","date_gmt":"2015-04-27T19:50:01","guid":{"rendered":"http:\/\/www.mx-bretagne.com\/mxb\/?p=10950"},"modified":"2015-04-27T21:50:01","modified_gmt":"2015-04-27T19:50:01","slug":"report-ufolep-mernel-2","status":"publish","type":"post","link":"https:\/\/mx-bretagne.com\/mxb\/report-ufolep-mernel-2","title":{"rendered":"REPORT UFOLEP: Mernel"},"content":{"rendered":"<div id=\"attachment_10956\" style=\"width: 810px\" class=\"wp-caption aligncenter\"><img aria-describedby=\"caption-attachment-10956\" decoding=\"async\" loading=\"lazy\" class=\"wp-image-10956 size-full\" src=\"http:\/\/www.mx-bretagne.com\/mxb\/wp-content\/uploads\/2015\/04\/merne_grassin.jpg\" alt=\"merne_grassin\" width=\"800\" height=\"489\" srcset=\"https:\/\/mx-bretagne.com\/mxb\/wp-content\/uploads\/2015\/04\/merne_grassin.jpg 800w, https:\/\/mx-bretagne.com\/mxb\/wp-content\/uploads\/2015\/04\/merne_grassin-605x370.jpg 605w\" sizes=\"(max-width: 800px) 100vw, 800px\" \/><p id=\"caption-attachment-10956\" class=\"wp-caption-text\">Franck Grassin<\/p><\/div>\n<p style=\"text-align: justify;\">\n<p style=\"text-align: justify;\"><span style=\"font-size: 14pt;\"><strong>Mernel a \u00e9t\u00e9 le th\u00e9\u00e2tre de l\u2019ouverture du Championnat de Bretagne UFOLEP Aliz\u00e9e 2015. Le circuit boueux en matin\u00e9e a laiss\u00e9 la place au soleil au soleil par la suite. Chacun a ainsi pu prendre du plaisir dans de bonnes conditions.<\/strong><\/span><\/p>\n<p style=\"text-align: justify;\"><!--more--><\/p>\n<p style=\"text-align: justify;\">Les r\u00e9sultats complets officiels:\u00a0<a href=\"http:\/\/www.mxufolepbzh.com\/MxLigue\/ResultatCourse.aspx?ID=2\" target=\"_blank\">www.mxufolepbzh.com<\/a><\/p>\n<p style=\"text-align: justify;\">\n<span style=\"font-size: 18pt; color: #3366ff;\"><strong>85<\/strong><\/span><\/p>\n<p style=\"text-align: justify;\"><img decoding=\"async\" loading=\"lazy\" class=\"aligncenter size-full wp-image-10958\" src=\"http:\/\/www.mx-bretagne.com\/mxb\/wp-content\/uploads\/2015\/04\/mernel_gascogne.jpg\" alt=\"mernel_gascogne\" width=\"800\" height=\"478\" srcset=\"https:\/\/mx-bretagne.com\/mxb\/wp-content\/uploads\/2015\/04\/mernel_gascogne.jpg 800w, https:\/\/mx-bretagne.com\/mxb\/wp-content\/uploads\/2015\/04\/mernel_gascogne-619x370.jpg 619w\" sizes=\"(max-width: 800px) 100vw, 800px\" \/><br \/>\nAmalric Marquer remporte la premi\u00e8re manche de la saison sur un circuit boueux. En deuxi\u00e8me manche Lucas Gascorgne a domin\u00e9 ses adversaires. Il gagne sans avoir \u00e9t\u00e9 inqui\u00e9t\u00e9, s\u00fbrement l\u2019homme fort du championnat. Dorian Lem\u00e9e sur sa fid\u00e8le TM perd sa seconde place en fin de manche au profit de J\u00e9r\u00e9mie Even.<\/p>\n<p style=\"text-align: justify;\">\u00a01 999 GASCOGNE LUCAS UFOLEP 2 1 0 75<br \/>\n2 61 EVEN JEREMY CONCORET 3 2 0 67<br \/>\n3 95 LEMEE Dorian CONCORET 4 3 0 61<br \/>\n4 88 GUILMAIN YANIS UFOLEP 5 4 0 55<br \/>\n5 132 MARQUER AMALRIC MINIAC 1 12 0 55<br \/>\n6 10 RAYES WYLLO P-FOUGERES 8 6 0 42<br \/>\n7 62 GUILLARD NICOLAS VAL D&rsquo;IZE 16 5 0 37<br \/>\n8 5 DELOURME KRISS A-NEUVILLE 14 7 0 33<br \/>\n9 11 PELE JEREMY P-FOUGERES 11 11 0 32<br \/>\n10 20 BOUCARD EVAN CONCORET 13 10 0 31<\/p>\n<p style=\"text-align: justify;\">\n<p style=\"text-align: justify;\">\n<p style=\"text-align: justify;\"><span style=\"font-size: 18pt; color: #3366ff;\"><strong>A 125<\/strong><\/span><\/p>\n<p style=\"text-align: justify;\">Antony Bard a fait une excellente premi\u00e8re manche en terminant second au scratch. En fin de journ\u00e9e C\u00e9drick Gauthier a pris sa revanche gr\u00e2ce \u00e0 un meilleur d\u00e9part. Antony Mordrelle (3\/4 en MX2) sera suivre. Vincent Pestel (4\/2 en MX2) \u00e9tait plus \u00e0 l\u2019aise sur le sec.<\/p>\n<p style=\"text-align: justify;\">1 686 GAUTHIER CEDRIC LA MOTTE 2 1 0 315<br \/>\n2 400 BIARD ANTONY MINIAC 1 3 0 312<br \/>\n3 620 PESTEL VINCENT MINIAC 4 2 0 304<br \/>\n4 154 MORDRELLE ANTHONY MINIAC 3 4 0 301<br \/>\n5 108 LEGENDRE HUGO MERNEL 7 5 0 286<br \/>\n6 754 LEMONNIER BORAN MINIAC 5 7 0 286<br \/>\n7 174 THOMAS CEDRIC MERNEL 10 6 0 280<br \/>\n8 690 REPESSE SIMON A-NEUVILLE 9 9 0 276<br \/>\n9 608 ROLLANDO KERWANN BREVELAYSIEN 8 10 0 276<br \/>\n10 212 COURTIN GUILLAUME MERNEL 11 11 0 272<\/p>\n<p style=\"text-align: justify;\">\n<p style=\"text-align: justify;\"><span style=\"font-size: 18pt; color: #3366ff;\"><strong>A 250<\/strong><\/span><\/p>\n<p style=\"text-align: justify;\">Dans les deux manches on retrouve le m\u00eame podium. J\u00e9r\u00e9my Mordrelle prend lui deux fois la quatri\u00e8me place. Le suspens \u00e9tait pr\u00e9sent dans la premi\u00e8re manche o\u00f9 Franck Grassin est rest\u00e9 un long moment second. Mathieu Boutier a ensuite chut\u00e9 lui qui avait fait le holeshot. En deuxi\u00e8me manche Franck Grassin a fait un cavalier seul impressionnant. Julien Josset (9\/5 en MX1) et Maxime Cantin (5\/9) ont \u00e9t\u00e9 les plus r\u00e9guliers pour prendre respectivement les 5 et 6\u00e8me places au g\u00e9n\u00e9ral.<\/p>\n<p style=\"text-align: justify;\">\u00a01 661 Grassin Franck LA MOTTE 1 1 0 320<br \/>\n2 75 BOUTIER MATTHIEU A-NEUVILLE 2 2 0 310<br \/>\n3 923 PESTEL FREDERIK MINIAC 3 3 0 304<br \/>\n4 973 MORDRELLE JEREMY MINIAC 4 4 0 298<br \/>\n5 137 JOSSET JULIEN MINIAC 9 5 0 284<br \/>\n6 911 CANTIN MAXIME A-NEUVILLE 5 9 0 284<br \/>\n7 331 ROUPIE CYRILLE MINIAC 6 7 0 283<br \/>\n8 817 ROUILL\u00c9 ETIENNE LA MOTTE 8 6 0 282<br \/>\n9 63 POIVET JEAN PHILIPPE A-NEUVILLE 7 8 0 279<br \/>\n10 111 GOBIN MEHDY MERNEL 10 10 0 274<\/p>\n<p style=\"text-align: justify;\">\n<p style=\"text-align: justify;\"><span style=\"font-size: 18pt; color: #3366ff;\"><strong>B<\/strong><\/span><\/p>\n<p style=\"text-align: justify;\">J\u00e9r\u00e9my Beaulieu signe le doubl\u00e9 mais cela n\u2019a pas \u00e9t\u00e9 simple pour autant car en seconde manche il a cal\u00e9 apr\u00e8s le premier tour et d\u00fb repartir 4 ou 5\u00e8me pour ensuite revenir en t\u00eate. Julien Viudez se classe 3\u00e8me au g\u00e9n\u00e9ral (4\/5). \u00c0 noter que Florence Barbu (6\/9) a \u00e9t\u00e9 longtemps quatri\u00e8me de la premi\u00e8re manche. A g\u00e9n\u00e9ral elle prend la septi\u00e8me place.<\/p>\n<p style=\"text-align: justify;\">1 65 BEAULIEU JEREMY A-NEUVILLE 1 1 0 200<br \/>\n2 278 VINCENT THOMAS MINIAC 2 2 0 190<br \/>\n3 99 VIUDEZ Julien MINIAC 4 5 0 175<br \/>\n4 121 GERNOT STEVEN MINIAC 9 3 0 170<br \/>\n5 272 BERTIN JEAN-PIERRE MERNEL 8 6 0 162<br \/>\n6 71 TIGEOT CHARLY MERNEL 15 4 0 161<br \/>\n7 32 BARBU FLORENCE LA MOTTE 6 9 0 161<br \/>\n8 125 QUESNEL JORDAN MEILLAC 5 13 0 160<br \/>\n9 237 BEUREL SEBASTIEN LA MOTTE 11 7 0 156<br \/>\n10 790 GRAIN THOMAS A-NEUVILLE 10 8 0 156<\/p>\n<p style=\"text-align: justify;\">\n<span style=\"font-size: 18pt; color: #3366ff;\"><strong>C<\/strong><\/span><\/p>\n<div id=\"attachment_10957\" style=\"width: 810px\" class=\"wp-caption aligncenter\"><img aria-describedby=\"caption-attachment-10957\" decoding=\"async\" loading=\"lazy\" class=\"wp-image-10957 size-full\" src=\"http:\/\/www.mx-bretagne.com\/mxb\/wp-content\/uploads\/2015\/04\/thorigne_mernel.jpg\" alt=\"thorigne_mernel\" width=\"800\" height=\"484\" srcset=\"https:\/\/mx-bretagne.com\/mxb\/wp-content\/uploads\/2015\/04\/thorigne_mernel.jpg 800w, https:\/\/mx-bretagne.com\/mxb\/wp-content\/uploads\/2015\/04\/thorigne_mernel-612x370.jpg 612w\" sizes=\"(max-width: 800px) 100vw, 800px\" \/><p id=\"caption-attachment-10957\" class=\"wp-caption-text\">Jonathan Thorigne<\/p><\/div>\n<p style=\"text-align: justify;\">\n<p style=\"text-align: justify;\">Dans cette cat\u00e9gorie la hi\u00e9rarchie a \u00e9t\u00e9 la m\u00eame dans les deux manches. Quatri\u00e8me par deux fois \u00c9mmanuel Lebel confirme cette logique. La cat\u00e9gorie montre que tous les pilotes peuvent prendre du plaisir sur une \u00e9preuve UFOLEP et c\u2019est bien l\u00e0 l\u2019essentiel.<\/p>\n<p style=\"text-align: justify;\">\u00a01 73 THIEULANT DAVID MINIAC 1 1 0 80<br \/>\n2 271 LE PALUD ROMAIN BREVELAYSIEN 2 2 0 70<br \/>\n3 269 THORIGNE JONATHAN MERNEL 3 3 0 64<br \/>\n4 140 LEBEL EMMANUEL MINIAC 4 4 0 58<br \/>\n5 416 PERRIER ADRIEN VAL D&rsquo;IZE 6 7 0 43<br \/>\n6 732 DUBOIS MAXIME VAL D&rsquo;IZE 8 6 0 42<br \/>\n7 31 JAN MAXIME A-NEUVILLE 5 11 0 42<br \/>\n8 310 GALLE LUDOVIC VAL D&rsquo;IZE 10 9 0 35<br \/>\n9 228 S\u00c9N\u00c9CHAL DAVID VAL D&rsquo;IZE 13 8 0 33<br \/>\n10 7 ERARD JEREMY A-NEUVILLE 7 15 0 32<\/p>\n<p style=\"text-align: justify;\">\n<p style=\"text-align: justify;\"><span style=\"font-size: 18pt; color: #3366ff;\"><strong>Open<\/strong><\/span><\/p>\n<div id=\"attachment_10955\" style=\"width: 810px\" class=\"wp-caption aligncenter\"><img aria-describedby=\"caption-attachment-10955\" decoding=\"async\" loading=\"lazy\" class=\"wp-image-10955 size-full\" src=\"http:\/\/www.mx-bretagne.com\/mxb\/wp-content\/uploads\/2015\/04\/mernel_launay.jpg\" alt=\"mernel_launay\" width=\"800\" height=\"441\" srcset=\"https:\/\/mx-bretagne.com\/mxb\/wp-content\/uploads\/2015\/04\/mernel_launay.jpg 800w, https:\/\/mx-bretagne.com\/mxb\/wp-content\/uploads\/2015\/04\/mernel_launay-650x358.jpg 650w, https:\/\/mx-bretagne.com\/mxb\/wp-content\/uploads\/2015\/04\/mernel_launay-70x40.jpg 70w\" sizes=\"(max-width: 800px) 100vw, 800px\" \/><p id=\"caption-attachment-10955\" class=\"wp-caption-text\">David Launay<\/p><\/div>\n<p style=\"text-align: justify;\">\nDavid Launay signe une belle victoire en premi\u00e8re manche. Le retour en 2T (250 YZ) lui a \u00e9t\u00e9 b\u00e9n\u00e9fique. Fabien Touffet remporte le g\u00e9n\u00e9ral et la troisi\u00e8me manche au guidon de sa 250 CR. Aur\u00e9lien Toulain vainqueur de la seconde manche chute en troisi\u00e8me manche et remonte dans le Top 10.<\/p>\n<p style=\"text-align: justify;\">\u00a01 11 TOUFFET FABIEN TREMBLAY 2 2 1 110<br \/>\n2 825 LAUNAY DAVID CONCORET 1 3 2 107<br \/>\n3 49 TOULAIN AURELIEN MC VAS 3 1 7 92<br \/>\n4 60 LAUNAY JEROME CONCORET 4 4 4 87<br \/>\n5 390 RAULT JORDAN CONCORET 7 5 3 78<br \/>\n6 411 TOUCHET ARNAUD P-FOUGERES 8 6 5 68<br \/>\n7 932 LEBOIS MAXIME P-FOUGERES 6 7 6 66<br \/>\n8 21 DENOUAL GINO CONCORET 9 13 8 51<br \/>\n9 713 DENOUAL FREDERICK CONCORET 10 9 13 49<br \/>\n10 912 RABIN ALEXANDRE ST JACUT 13 10 12 46<\/p>\n<p style=\"text-align: justify;\">\n<p style=\"text-align: justify;\"><span style=\"font-size: 18pt; color: #3366ff;\"><strong>V\u00e9t\u00e9rans<\/strong><\/span><\/p>\n<div id=\"attachment_10959\" style=\"width: 810px\" class=\"wp-caption aligncenter\"><img aria-describedby=\"caption-attachment-10959\" decoding=\"async\" loading=\"lazy\" class=\"wp-image-10959 size-full\" src=\"http:\/\/www.mx-bretagne.com\/mxb\/wp-content\/uploads\/2015\/04\/mernel_chesnot.jpg\" alt=\"mernel_chesnot\" width=\"800\" height=\"412\" srcset=\"https:\/\/mx-bretagne.com\/mxb\/wp-content\/uploads\/2015\/04\/mernel_chesnot.jpg 800w, https:\/\/mx-bretagne.com\/mxb\/wp-content\/uploads\/2015\/04\/mernel_chesnot-650x335.jpg 650w\" sizes=\"(max-width: 800px) 100vw, 800px\" \/><p id=\"caption-attachment-10959\" class=\"wp-caption-text\">Yannick Chesnot<\/p><\/div>\n<p style=\"text-align: justify;\">\nYannick Chesnot remporte les trois manches. Olivier Bordeau a profit\u00e9 de cette \u00e9preuve pour se pr\u00e9parer au mieux en vue de l\u2019ouverture de la ligne Oc\u00e9ane qui se d\u00e9roulera \u00e0 Goven le 7 juin. Pascal Baulieu sera probablement \u00e0 la lutte pour la victoire sur les prochaines \u00e9preuves. Un petit mot sur Robert Detoc qui a d\u00e9laiss\u00e9 les gros cubes de sa 450 RM-Z pour une 125 KTM. Bravo \u00e0 Claude Poulain 78 ans cette saison pour son incroyable long\u00e9vit\u00e9.<\/p>\n<p style=\"text-align: justify;\">\u00a01 803 CHESNOT YANNICK MINIAC 1 1 1 120<br \/>\n2 541 REPESSE SEBASTIEN A-NEUVILLE 3 3 3 96<br \/>\n3 44 BEAULIEU PASCAL MINIAC 7 2 2 90<br \/>\n4 52 RENOU DIDIER MINIAC 6 5 4 78<br \/>\n5 208 STONEBRIDGE FRANCK MERNEL 4 6 6 75<br \/>\n6 14 BROUSSEAU CHRISTIAN MERNEL 2 7 7 75<br \/>\n7 90 OURY BERTRAND A-NEUVILLE 9 4 5 73<br \/>\n8 97 DETOC ROBERT MERNEL 5 8 8 64<br \/>\n9 77 JUGAN MATTHIEU MINIAC 8 10 11 52<br \/>\n10 47 DUFEIL PATRICK MINIAC 10 9 12 50<\/p>\n<p style=\"text-align: justify;\">Les pilotes peuvent se retrouver le 24 mai \u00e0 Baguer Pican pour une \u00e9preuve hors championnat sur un circuit dont le trac\u00e9 a \u00e9t\u00e9 refait.<\/p>\n","protected":false},"excerpt":{"rendered":"<p> Franck Grassin<\/p>\n","protected":false},"author":5,"featured_media":10956,"comment_status":"open","ping_status":"open","sticky":false,"template":"","format":"standard","meta":[],"categories":[8],"tags":[39,355,26,315,36],"aioseo_notices":[],"_links":{"self":[{"href":"https:\/\/mx-bretagne.com\/mxb\/wp-json\/wp\/v2\/posts\/10950"}],"collection":[{"href":"https:\/\/mx-bretagne.com\/mxb\/wp-json\/wp\/v2\/posts"}],"about":[{"href":"https:\/\/mx-bretagne.com\/mxb\/wp-json\/wp\/v2\/types\/post"}],"author":[{"embeddable":true,"href":"https:\/\/mx-bretagne.com\/mxb\/wp-json\/wp\/v2\/users\/5"}],"replies":[{"embeddable":true,"href":"https:\/\/mx-bretagne.com\/mxb\/wp-json\/wp\/v2\/comments?post=10950"}],"version-history":[{"count":1,"href":"https:\/\/mx-bretagne.com\/mxb\/wp-json\/wp\/v2\/posts\/10950\/revisions"}],"predecessor-version":[{"id":10960,"href":"https:\/\/mx-bretagne.com\/mxb\/wp-json\/wp\/v2\/posts\/10950\/revisions\/10960"}],"wp:featuredmedia":[{"embeddable":true,"href":"https:\/\/mx-bretagne.com\/mxb\/wp-json\/wp\/v2\/media\/10956"}],"wp:attachment":[{"href":"https:\/\/mx-bretagne.com\/mxb\/wp-json\/wp\/v2\/media?parent=10950"}],"wp:term":[{"taxonomy":"category","embeddable":true,"href":"https:\/\/mx-bretagne.com\/mxb\/wp-json\/wp\/v2\/categories?post=10950"},{"taxonomy":"post_tag","embeddable":true,"href":"https:\/\/mx-bretagne.com\/mxb\/wp-json\/wp\/v2\/tags?post=10950"}],"curies":[{"name":"wp","href":"https:\/\/api.w.org\/{rel}","templated":true}]}}