{"id":10623,"date":"2015-03-23T18:44:10","date_gmt":"2015-03-23T17:44:10","guid":{"rendered":"http:\/\/www.mx-bretagne.com\/mxb\/?p=10623"},"modified":"2015-03-23T18:44:10","modified_gmt":"2015-03-23T17:44:10","slug":"replay-2015-sx-us-finale-250-detroit-rd6-est","status":"publish","type":"post","link":"https:\/\/mx-bretagne.com\/mxb\/replay-2015-sx-us-finale-250-detroit-rd6-est","title":{"rendered":"REPLAY 2015 SX US: Finale 250 Detroit Rd6 Est"},"content":{"rendered":"<p><a href=\"http:\/\/www.mx-bretagne.com\/mxb\/wp-content\/uploads\/2015\/03\/videosxus2015_detroit250.jpg\"><img decoding=\"async\" loading=\"lazy\" class=\"aligncenter size-full wp-image-10624\" src=\"http:\/\/www.mx-bretagne.com\/mxb\/wp-content\/uploads\/2015\/03\/videosxus2015_detroit250.jpg\" alt=\"videosxus2015_detroit250\" width=\"1000\" height=\"500\" srcset=\"https:\/\/mx-bretagne.com\/mxb\/wp-content\/uploads\/2015\/03\/videosxus2015_detroit250.jpg 1000w, https:\/\/mx-bretagne.com\/mxb\/wp-content\/uploads\/2015\/03\/videosxus2015_detroit250-650x325.jpg 650w\" sizes=\"(max-width: 1000px) 100vw, 1000px\" \/><\/a><\/p>\n<p style=\"text-align: justify;\"><span style=\"font-size: 14pt;\"><strong>La finale 250 du Supercross de Detroit, 6\u00e8me \u00e9tape de la c\u00f4te Est.<\/strong><\/span><\/p>\n<p><!--more--><\/p>\n<p>http:\/\/mpora.com\/videos\/AAe1vfjxanuc\/embed<\/p>\n","protected":false},"excerpt":{"rendered":"<p><\/p>\n","protected":false},"author":2,"featured_media":10624,"comment_status":"open","ping_status":"open","sticky":false,"template":"","format":"standard","meta":[],"categories":[865],"tags":[42,1257,1633,27,41],"aioseo_notices":[],"_links":{"self":[{"href":"https:\/\/mx-bretagne.com\/mxb\/wp-json\/wp\/v2\/posts\/10623"}],"collection":[{"href":"https:\/\/mx-bretagne.com\/mxb\/wp-json\/wp\/v2\/posts"}],"about":[{"href":"https:\/\/mx-bretagne.com\/mxb\/wp-json\/wp\/v2\/types\/post"}],"author":[{"embeddable":true,"href":"https:\/\/mx-bretagne.com\/mxb\/wp-json\/wp\/v2\/users\/2"}],"replies":[{"embeddable":true,"href":"https:\/\/mx-bretagne.com\/mxb\/wp-json\/wp\/v2\/comments?post=10623"}],"version-history":[{"count":1,"href":"https:\/\/mx-bretagne.com\/mxb\/wp-json\/wp\/v2\/posts\/10623\/revisions"}],"predecessor-version":[{"id":10625,"href":"https:\/\/mx-bretagne.com\/mxb\/wp-json\/wp\/v2\/posts\/10623\/revisions\/10625"}],"wp:featuredmedia":[{"embeddable":true,"href":"https:\/\/mx-bretagne.com\/mxb\/wp-json\/wp\/v2\/media\/10624"}],"wp:attachment":[{"href":"https:\/\/mx-bretagne.com\/mxb\/wp-json\/wp\/v2\/media?parent=10623"}],"wp:term":[{"taxonomy":"category","embeddable":true,"href":"https:\/\/mx-bretagne.com\/mxb\/wp-json\/wp\/v2\/categories?post=10623"},{"taxonomy":"post_tag","embeddable":true,"href":"https:\/\/mx-bretagne.com\/mxb\/wp-json\/wp\/v2\/tags?post=10623"}],"curies":[{"name":"wp","href":"https:\/\/api.w.org\/{rel}","templated":true}]}}