{"id":10414,"date":"2015-02-05T23:37:09","date_gmt":"2015-02-05T22:37:09","guid":{"rendered":"http:\/\/www.mx-bretagne.com\/mxb\/?p=10414"},"modified":"2015-02-05T23:56:34","modified_gmt":"2015-02-05T22:56:34","slug":"talk-show-camille-chapeliere-et-pierre-louis-le-bonniec-en-reecoute","status":"publish","type":"post","link":"https:\/\/mx-bretagne.com\/mxb\/talk-show-camille-chapeliere-et-pierre-louis-le-bonniec-en-reecoute","title":{"rendered":"TALK SHOW: Camille Chapeli\u00e8re et Pierre-Louis Le Bonniec en r\u00e9\u00e9coute"},"content":{"rendered":"<p><a href=\"http:\/\/www.mx-bretagne.com\/mxb\/wp-content\/uploads\/2015\/02\/podcats_talkshow.jpg\"><img decoding=\"async\" loading=\"lazy\" class=\"aligncenter size-full wp-image-10415\" src=\"http:\/\/www.mx-bretagne.com\/mxb\/wp-content\/uploads\/2015\/02\/podcats_talkshow.jpg\" alt=\"podcats_talkshow\" width=\"650\" height=\"300\" \/><\/a><\/p>\n<p style=\"text-align: justify;\"><span style=\"font-size: 14pt;\"><strong>R\u00e9\u00e9coutez les podcats de Camille Chapeli\u00e8re et Pierre-Louis Le Bonniec, les deux invit\u00e9s du Talk SHOW du jeudi 5 f\u00e9vrier, \u00e0 propos de l&rsquo;Enduropale et le duel de blagues entre Dave et Ced.<\/strong><\/span><\/p>\n<p><!--more--><\/p>\n<p><strong>Camille CHAPELIERE<\/strong><\/p>\n<div class=\"arve\" data-mode=\"normal\" data-oembed=\"1\" data-provider=\"youtube\" id=\"arve-youtube-5ggjlhoadhk69f1d1d958b9f387913752\" style=\"max-width:900px;\">\n<span class=\"arve-inner\"><br \/>\n<span class=\"arve-embed arve-embed--has-aspect-ratio\" style=\"aspect-ratio: 500 \/ 281\"><br \/>\n<span class=\"arve-ar\" style=\"padding-top:56.200000%\"><\/span><iframe loading=\"lazy\" allow=\"accelerometer; autoplay; clipboard-write; encrypted-media; gyroscope; picture-in-picture\" allowfullscreen class=\"arve-iframe fitvidsignore\" data-arve=\"arve-youtube-5ggjlhoadhk69f1d1d958b9f387913752\" data-src-no-ap=\"https:\/\/www.youtube-nocookie.com\/embed\/5gGjlhoAdhk?feature=oembed&amp;iv_load_policy=3&amp;modestbranding=1&amp;rel=0&amp;autohide=1&amp;playsinline=0&amp;autoplay=0\" frameborder=\"0\" height=\"505.8\" sandbox=\"allow-scripts allow-same-origin allow-presentation allow-popups allow-popups-to-escape-sandbox\" scrolling=\"no\" src=\"https:\/\/www.youtube-nocookie.com\/embed\/5gGjlhoAdhk?feature=oembed&#038;iv_load_policy=3&#038;modestbranding=1&#038;rel=0&#038;autohide=1&#038;playsinline=0&#038;autoplay=0\" width=\"900\"><\/iframe><\/p>\n<p><\/span><\/p>\n<p><\/span><br \/>\n<script type=\"application\/ld+json\">{\"@context\":\"http:\\\/\\\/schema.org\\\/\",\"@id\":\"https:\\\/\\\/mx-bretagne.com\\\/mxb\\\/talk-show-camille-chapeliere-et-pierre-louis-le-bonniec-en-reecoute#arve-youtube-5ggjlhoadhk69f1d1d958b9f387913752\",\"type\":\"VideoObject\",\"embedURL\":\"https:\\\/\\\/www.youtube-nocookie.com\\\/embed\\\/5gGjlhoAdhk?feature=oembed&iv_load_policy=3&modestbranding=1&rel=0&autohide=1&playsinline=0&autoplay=0\"}<\/script>\n<\/div>\n<p>&nbsp;<\/p>\n<p><strong>Pierre-Louis Le Bonniec<\/strong><\/p>\n<div class=\"arve\" data-mode=\"normal\" data-oembed=\"1\" data-provider=\"youtube\" id=\"arve-youtube-hre4xihbnpy69f1d1d95a1a0108869366\" style=\"max-width:900px;\">\n<span class=\"arve-inner\"><br \/>\n<span class=\"arve-embed arve-embed--has-aspect-ratio\" style=\"aspect-ratio: 500 \/ 281\"><br \/>\n<span class=\"arve-ar\" style=\"padding-top:56.200000%\"><\/span><iframe loading=\"lazy\" allow=\"accelerometer; autoplay; clipboard-write; encrypted-media; gyroscope; picture-in-picture\" allowfullscreen class=\"arve-iframe fitvidsignore\" data-arve=\"arve-youtube-hre4xihbnpy69f1d1d95a1a0108869366\" data-src-no-ap=\"https:\/\/www.youtube-nocookie.com\/embed\/HrE4XIHBNpY?feature=oembed&amp;iv_load_policy=3&amp;modestbranding=1&amp;rel=0&amp;autohide=1&amp;playsinline=0&amp;autoplay=0\" frameborder=\"0\" height=\"505.8\" sandbox=\"allow-scripts allow-same-origin allow-presentation allow-popups allow-popups-to-escape-sandbox\" scrolling=\"no\" src=\"https:\/\/www.youtube-nocookie.com\/embed\/HrE4XIHBNpY?feature=oembed&#038;iv_load_policy=3&#038;modestbranding=1&#038;rel=0&#038;autohide=1&#038;playsinline=0&#038;autoplay=0\" width=\"900\"><\/iframe><\/p>\n<p><\/span><\/p>\n<p><\/span><br \/>\n<script type=\"application\/ld+json\">{\"@context\":\"http:\\\/\\\/schema.org\\\/\",\"@id\":\"https:\\\/\\\/mx-bretagne.com\\\/mxb\\\/talk-show-camille-chapeliere-et-pierre-louis-le-bonniec-en-reecoute#arve-youtube-hre4xihbnpy69f1d1d95a1a0108869366\",\"type\":\"VideoObject\",\"embedURL\":\"https:\\\/\\\/www.youtube-nocookie.com\\\/embed\\\/HrE4XIHBNpY?feature=oembed&iv_load_policy=3&modestbranding=1&rel=0&autohide=1&playsinline=0&autoplay=0\"}<\/script>\n<\/div>\n<p>&nbsp;<\/p>\n<p><strong>Le Duel de Blagues entre Dave et Ced<\/strong><\/p>\n<div class=\"arve\" data-mode=\"normal\" data-oembed=\"1\" data-provider=\"youtube\" id=\"arve-youtube-9t-h3qv3g2e69f1d1d95b890088256356\" style=\"max-width:900px;\">\n<span class=\"arve-inner\"><br \/>\n<span class=\"arve-embed arve-embed--has-aspect-ratio\" style=\"aspect-ratio: 500 \/ 281\"><br \/>\n<span class=\"arve-ar\" style=\"padding-top:56.200000%\"><\/span><iframe loading=\"lazy\" allow=\"accelerometer; autoplay; clipboard-write; encrypted-media; gyroscope; picture-in-picture\" allowfullscreen class=\"arve-iframe fitvidsignore\" data-arve=\"arve-youtube-9t-h3qv3g2e69f1d1d95b890088256356\" data-src-no-ap=\"https:\/\/www.youtube-nocookie.com\/embed\/9T-h3qV3G2E?feature=oembed&amp;iv_load_policy=3&amp;modestbranding=1&amp;rel=0&amp;autohide=1&amp;playsinline=0&amp;autoplay=0\" frameborder=\"0\" height=\"505.8\" sandbox=\"allow-scripts allow-same-origin allow-presentation allow-popups allow-popups-to-escape-sandbox\" scrolling=\"no\" src=\"https:\/\/www.youtube-nocookie.com\/embed\/9T-h3qV3G2E?feature=oembed&#038;iv_load_policy=3&#038;modestbranding=1&#038;rel=0&#038;autohide=1&#038;playsinline=0&#038;autoplay=0\" width=\"900\"><\/iframe><\/p>\n<p><\/span><\/p>\n<p><\/span><br \/>\n<script type=\"application\/ld+json\">{\"@context\":\"http:\\\/\\\/schema.org\\\/\",\"@id\":\"https:\\\/\\\/mx-bretagne.com\\\/mxb\\\/talk-show-camille-chapeliere-et-pierre-louis-le-bonniec-en-reecoute#arve-youtube-9t-h3qv3g2e69f1d1d95b890088256356\",\"type\":\"VideoObject\",\"embedURL\":\"https:\\\/\\\/www.youtube-nocookie.com\\\/embed\\\/9T-h3qV3G2E?feature=oembed&iv_load_policy=3&modestbranding=1&rel=0&autohide=1&playsinline=0&autoplay=0\"}<\/script>\n<\/div>\n","protected":false},"excerpt":{"rendered":"<p><\/p>\n","protected":false},"author":2,"featured_media":10415,"comment_status":"open","ping_status":"open","sticky":false,"template":"","format":"standard","meta":[],"categories":[1655],"tags":[1693,265,53,27,1643],"aioseo_notices":[],"_links":{"self":[{"href":"https:\/\/mx-bretagne.com\/mxb\/wp-json\/wp\/v2\/posts\/10414"}],"collection":[{"href":"https:\/\/mx-bretagne.com\/mxb\/wp-json\/wp\/v2\/posts"}],"about":[{"href":"https:\/\/mx-bretagne.com\/mxb\/wp-json\/wp\/v2\/types\/post"}],"author":[{"embeddable":true,"href":"https:\/\/mx-bretagne.com\/mxb\/wp-json\/wp\/v2\/users\/2"}],"replies":[{"embeddable":true,"href":"https:\/\/mx-bretagne.com\/mxb\/wp-json\/wp\/v2\/comments?post=10414"}],"version-history":[{"count":5,"href":"https:\/\/mx-bretagne.com\/mxb\/wp-json\/wp\/v2\/posts\/10414\/revisions"}],"predecessor-version":[{"id":10420,"href":"https:\/\/mx-bretagne.com\/mxb\/wp-json\/wp\/v2\/posts\/10414\/revisions\/10420"}],"wp:featuredmedia":[{"embeddable":true,"href":"https:\/\/mx-bretagne.com\/mxb\/wp-json\/wp\/v2\/media\/10415"}],"wp:attachment":[{"href":"https:\/\/mx-bretagne.com\/mxb\/wp-json\/wp\/v2\/media?parent=10414"}],"wp:term":[{"taxonomy":"category","embeddable":true,"href":"https:\/\/mx-bretagne.com\/mxb\/wp-json\/wp\/v2\/categories?post=10414"},{"taxonomy":"post_tag","embeddable":true,"href":"https:\/\/mx-bretagne.com\/mxb\/wp-json\/wp\/v2\/tags?post=10414"}],"curies":[{"name":"wp","href":"https:\/\/api.w.org\/{rel}","templated":true}]}}