{"id":10054,"date":"2014-11-30T16:06:44","date_gmt":"2014-11-30T14:06:44","guid":{"rendered":"http:\/\/www.mx-bretagne.com\/mxb\/?p=10054"},"modified":"2014-11-30T16:07:15","modified_gmt":"2014-11-30T14:07:15","slug":"concours-photos-2014-envoyez-votre-image","status":"publish","type":"post","link":"https:\/\/mx-bretagne.com\/mxb\/concours-photos-2014-envoyez-votre-image","title":{"rendered":"CONCOURS PHOTOS 2014: Envoyez votre image !"},"content":{"rendered":"<p><img decoding=\"async\" loading=\"lazy\" class=\"aligncenter size-full wp-image-10055\" src=\"http:\/\/www.mx-bretagne.com\/mxb\/wp-content\/uploads\/2014\/11\/concours_photos.jpg\" alt=\"concours_photos\" width=\"630\" height=\"300\" srcset=\"https:\/\/mx-bretagne.com\/mxb\/wp-content\/uploads\/2014\/11\/concours_photos.jpg 630w, https:\/\/mx-bretagne.com\/mxb\/wp-content\/uploads\/2014\/11\/concours_photos-600x285.jpg 600w\" sizes=\"(max-width: 630px) 100vw, 630px\" \/><\/p>\n<p style=\"text-align: justify;\"><span style=\"font-size: 14pt;\"><strong>C&rsquo;est le moment de nous envoyer votre photo favorite pour le concours photos 2014. Seules r\u00e8gles, la photo doit avoir \u00e9t\u00e9 prise par vous-m\u00eame, doit \u00eatre de 2014 et doit avoir un rapport avec le motocross, le supercross ou l&rsquo;enduro de Bretagne o\u00f9 d&rsquo;ailleurs.\u00a0<\/strong><\/span><\/p>\n<p style=\"text-align: justify;\"><!--more--><\/p>\n<p style=\"text-align: justify;\">Vous avez jusqu&rsquo;au vendredi 5 d\u00e9cembre pour nous faire parvenir votre photo par e-mail:<\/p>\n<p style=\"text-align: justify;\"><span style=\"font-size: 14pt;\"><strong>james@mx-bretagne.com<\/strong><\/span><\/p>\n<p style=\"text-align: justify;\">\n<hr \/>\n<p style=\"text-align: justify;\">\n<p style=\"text-align: justify;\"><span style=\"font-size: 18pt;\"><strong>RESULTATS 2013<\/strong><\/span><\/p>\n<div id=\"attachment_7173\" style=\"width: 840px\" class=\"wp-caption aligncenter\"><img aria-describedby=\"caption-attachment-7173\" decoding=\"async\" loading=\"lazy\" class=\"wp-image-7173 size-full\" src=\"http:\/\/www.mx-bretagne.com\/mxb\/wp-content\/uploads\/2013\/12\/concoursphoto2013.jpg\" alt=\"concoursphoto2013\" width=\"830\" height=\"300\" srcset=\"https:\/\/mx-bretagne.com\/mxb\/wp-content\/uploads\/2013\/12\/concoursphoto2013.jpg 830w, https:\/\/mx-bretagne.com\/mxb\/wp-content\/uploads\/2013\/12\/concoursphoto2013-650x234.jpg 650w, https:\/\/mx-bretagne.com\/mxb\/wp-content\/uploads\/2013\/12\/concoursphoto2013-700x253.jpg 700w\" sizes=\"(max-width: 830px) 100vw, 830px\" \/><p id=\"caption-attachment-7173\" class=\"wp-caption-text\">K\u00e9vin Lescoat remporte le concours photos 2013 avec cette photo de Romain Pape et Julien Cabioch \u00e0 Guisseny.<\/p><\/div>\n<p style=\"text-align: justify;\">[poll id=\u00a0\u00bb20&Prime;]\n","protected":false},"excerpt":{"rendered":"<p><\/p>\n","protected":false},"author":2,"featured_media":10055,"comment_status":"open","ping_status":"open","sticky":false,"template":"","format":"standard","meta":[],"categories":[4],"tags":[668,26,68],"aioseo_notices":[],"_links":{"self":[{"href":"https:\/\/mx-bretagne.com\/mxb\/wp-json\/wp\/v2\/posts\/10054"}],"collection":[{"href":"https:\/\/mx-bretagne.com\/mxb\/wp-json\/wp\/v2\/posts"}],"about":[{"href":"https:\/\/mx-bretagne.com\/mxb\/wp-json\/wp\/v2\/types\/post"}],"author":[{"embeddable":true,"href":"https:\/\/mx-bretagne.com\/mxb\/wp-json\/wp\/v2\/users\/2"}],"replies":[{"embeddable":true,"href":"https:\/\/mx-bretagne.com\/mxb\/wp-json\/wp\/v2\/comments?post=10054"}],"version-history":[{"count":2,"href":"https:\/\/mx-bretagne.com\/mxb\/wp-json\/wp\/v2\/posts\/10054\/revisions"}],"predecessor-version":[{"id":10057,"href":"https:\/\/mx-bretagne.com\/mxb\/wp-json\/wp\/v2\/posts\/10054\/revisions\/10057"}],"wp:featuredmedia":[{"embeddable":true,"href":"https:\/\/mx-bretagne.com\/mxb\/wp-json\/wp\/v2\/media\/10055"}],"wp:attachment":[{"href":"https:\/\/mx-bretagne.com\/mxb\/wp-json\/wp\/v2\/media?parent=10054"}],"wp:term":[{"taxonomy":"category","embeddable":true,"href":"https:\/\/mx-bretagne.com\/mxb\/wp-json\/wp\/v2\/categories?post=10054"},{"taxonomy":"post_tag","embeddable":true,"href":"https:\/\/mx-bretagne.com\/mxb\/wp-json\/wp\/v2\/tags?post=10054"}],"curies":[{"name":"wp","href":"https:\/\/api.w.org\/{rel}","templated":true}]}}